{"id":15225,"date":"2025-03-26T14:45:32","date_gmt":"2025-03-26T19:45:32","guid":{"rendered":"https:\/\/www.radiointeractivo.com.mx\/?p=15225"},"modified":"2025-03-26T14:45:34","modified_gmt":"2025-03-26T19:45:34","slug":"invita-gobierno-municipal-a-visitar-nueva-infoteca-sor-juana-ines-de-la-cruz","status":"publish","type":"post","link":"https:\/\/www.radiointeractivo.com.mx\/?p=15225","title":{"rendered":"INVITA GOBIERNO MUNICIPAL A VISITAR NUEVA INFOTECA \u2018SOR JUANA IN\u00c9S DE LA CRUZ\u2019"},"content":{"rendered":"\n<figure class=\"wp-block-image size-large\"><img loading=\"lazy\" decoding=\"async\" width=\"1024\" height=\"684\" src=\"https:\/\/www.radiointeractivo.com.mx\/wp-content\/uploads\/2025\/03\/WhatsApp-Image-2025-03-26-at-1.45.34-PM-1024x684.jpeg\" alt=\"\" class=\"wp-image-15226\" srcset=\"https:\/\/www.radiointeractivo.com.mx\/wp-content\/uploads\/2025\/03\/WhatsApp-Image-2025-03-26-at-1.45.34-PM-1024x684.jpeg 1024w, https:\/\/www.radiointeractivo.com.mx\/wp-content\/uploads\/2025\/03\/WhatsApp-Image-2025-03-26-at-1.45.34-PM-300x200.jpeg 300w, https:\/\/www.radiointeractivo.com.mx\/wp-content\/uploads\/2025\/03\/WhatsApp-Image-2025-03-26-at-1.45.34-PM-768x513.jpeg 768w, https:\/\/www.radiointeractivo.com.mx\/wp-content\/uploads\/2025\/03\/WhatsApp-Image-2025-03-26-at-1.45.34-PM.jpeg 1497w\" sizes=\"auto, (max-width: 1024px) 100vw, 1024px\" \/><\/figure>\n\n\n\n<p>Por: Staff | #NuevoLaredo #Laredo #NLD #Tamaulipas<\/p>\n\n\n\n<p>El Gobierno Municipal de Nuevo Laredo invita a la ciudadan\u00eda en general, as\u00ed como a las y los estudiantes de todos los niveles educativos, a visitar y aprovechar los servicios de la reci\u00e9n inaugurada Infoteca \u201cSor Juana In\u00e9s de la Cruz\u201d, un espacio moderno dedicado a la educaci\u00f3n, la tecnolog\u00eda y la cultura.<\/p>\n\n\n\n<p>Ubicada en Villagr\u00e1n #80, Col. La Fe, la infoteca ofrece salas de lectura, un \u00e1rea de trabajo colaborativo, una sala de conferencias, un sal\u00f3n de usos m\u00faltiples y una sala de lectura exterior, ideales para el estudio, la investigaci\u00f3n y la organizaci\u00f3n de eventos educativos.<\/p>\n\n\n\n<p>El recinto est\u00e1 abierto al p\u00fablico de lunes a s\u00e1bado, en un horario de 8:00 a.m. a 8:00 p.m., brindando a las y los neolaredenses la oportunidad de disfrutar de este espacio de primer nivel, que operar\u00e1 bajo los lineamientos de la Red Estatal de Bibliotecas P\u00fablicas de Tamaulipas, garantizando servicios de calidad y acceso equitativo a la informaci\u00f3n.<\/p>\n\n\n\n<p>La Infoteca \u201cSor Juana In\u00e9s de la Cruz\u201d es un legado del Gobierno Municipal para fortalecer el desarrollo acad\u00e9mico y cultural de la ciudad.<\/p>\n","protected":false},"excerpt":{"rendered":"<p>Por: Staff | #NuevoLaredo #Laredo #NLD #Tamaulipas El Gobierno Municipal de Nuevo Laredo invita a la ciudadan\u00eda en general, as\u00ed como a las y los estudiantes de todos los niveles educativos, a visitar y aprovechar los servicios de la reci\u00e9n inaugurada Infoteca \u201cSor Juana In\u00e9s de la Cruz\u201d, un espacio moderno dedicado a la educaci\u00f3n, &hellip;<\/p>\n","protected":false},"author":1,"featured_media":15228,"comment_status":"open","ping_status":"open","sticky":false,"template":"","format":"standard","meta":{"footnotes":""},"categories":[38],"tags":[],"class_list":["post-15225","post","type-post","status-publish","format-standard","has-post-thumbnail","","category-nuevo-laredo"],"_links":{"self":[{"href":"https:\/\/www.radiointeractivo.com.mx\/index.php?rest_route=\/wp\/v2\/posts\/15225","targetHints":{"allow":["GET"]}}],"collection":[{"href":"https:\/\/www.radiointeractivo.com.mx\/index.php?rest_route=\/wp\/v2\/posts"}],"about":[{"href":"https:\/\/www.radiointeractivo.com.mx\/index.php?rest_route=\/wp\/v2\/types\/post"}],"author":[{"embeddable":true,"href":"https:\/\/www.radiointeractivo.com.mx\/index.php?rest_route=\/wp\/v2\/users\/1"}],"replies":[{"embeddable":true,"href":"https:\/\/www.radiointeractivo.com.mx\/index.php?rest_route=%2Fwp%2Fv2%2Fcomments&post=15225"}],"version-history":[{"count":1,"href":"https:\/\/www.radiointeractivo.com.mx\/index.php?rest_route=\/wp\/v2\/posts\/15225\/revisions"}],"predecessor-version":[{"id":15229,"href":"https:\/\/www.radiointeractivo.com.mx\/index.php?rest_route=\/wp\/v2\/posts\/15225\/revisions\/15229"}],"wp:featuredmedia":[{"embeddable":true,"href":"https:\/\/www.radiointeractivo.com.mx\/index.php?rest_route=\/wp\/v2\/media\/15228"}],"wp:attachment":[{"href":"https:\/\/www.radiointeractivo.com.mx\/index.php?rest_route=%2Fwp%2Fv2%2Fmedia&parent=15225"}],"wp:term":[{"taxonomy":"category","embeddable":true,"href":"https:\/\/www.radiointeractivo.com.mx\/index.php?rest_route=%2Fwp%2Fv2%2Fcategories&post=15225"},{"taxonomy":"post_tag","embeddable":true,"href":"https:\/\/www.radiointeractivo.com.mx\/index.php?rest_route=%2Fwp%2Fv2%2Ftags&post=15225"}],"curies":[{"name":"wp","href":"https:\/\/api.w.org\/{rel}","templated":true}]}}