{"id":15208,"date":"2025-03-25T17:18:18","date_gmt":"2025-03-25T22:18:18","guid":{"rendered":"https:\/\/www.radiointeractivo.com.mx\/?p=15208"},"modified":"2025-03-25T17:18:19","modified_gmt":"2025-03-25T22:18:19","slug":"listo-tamaulipas-para-macroregional-de-boxeo-2025-en-tijuana","status":"publish","type":"post","link":"https:\/\/www.radiointeractivo.com.mx\/?p=15208","title":{"rendered":"Listo Tamaulipas para Macroregional de Boxeo 2025 en Tijuana"},"content":{"rendered":"\n<figure class=\"wp-block-image size-large\"><img loading=\"lazy\" decoding=\"async\" width=\"1024\" height=\"768\" src=\"https:\/\/www.radiointeractivo.com.mx\/wp-content\/uploads\/2025\/03\/WhatsApp-Image-2025-03-25-at-3.09.12-PM-1024x768.jpeg\" alt=\"\" class=\"wp-image-15209\" srcset=\"https:\/\/www.radiointeractivo.com.mx\/wp-content\/uploads\/2025\/03\/WhatsApp-Image-2025-03-25-at-3.09.12-PM-1024x768.jpeg 1024w, https:\/\/www.radiointeractivo.com.mx\/wp-content\/uploads\/2025\/03\/WhatsApp-Image-2025-03-25-at-3.09.12-PM-300x225.jpeg 300w, https:\/\/www.radiointeractivo.com.mx\/wp-content\/uploads\/2025\/03\/WhatsApp-Image-2025-03-25-at-3.09.12-PM-768x576.jpeg 768w, https:\/\/www.radiointeractivo.com.mx\/wp-content\/uploads\/2025\/03\/WhatsApp-Image-2025-03-25-at-3.09.12-PM-1536x1152.jpeg 1536w, https:\/\/www.radiointeractivo.com.mx\/wp-content\/uploads\/2025\/03\/WhatsApp-Image-2025-03-25-at-3.09.12-PM.jpeg 1600w\" sizes=\"auto, (max-width: 1024px) 100vw, 1024px\" \/><\/figure>\n\n\n\n<p>Por: Agencias<\/p>\n\n\n\n<p>Ciudad Victoria, Tamaulipas.- La delegaci\u00f3n tamaulipeca de boxeo viajar\u00e1 ma\u00f1ana a Tijuana, Baja California, para disputar la etapa Macroregional de los Nacionales CONADE 2025, en busca de su pase a la fase nacional.<\/p>\n\n\n\n<p>El equipo est\u00e1 conformado por alrededor de 45 integrantes, entre boxeadores y cuerpo t\u00e9cnico, quienes competir\u00e1n en las categor\u00edas Junior Varonil, Juvenil Varonil, Junior Femenil y Juvenil Femenil.<\/p>\n\n\n\n<p>El director general del Instituto del Deporte de Tamaulipas, Manuel Viru\u00e9s Lozano, destac\u00f3 el compromiso de las y los atletas y el respaldo brindado por el gobierno estatal.<\/p>\n\n\n\n<p>\u201cNuestros boxeadores han trabajado fuerte para este momento, van bien preparados y con mucha determinaci\u00f3n. Estamos seguros de que dejar\u00e1n en alto el nombre de Tamaulipas. Agradecemos al gobernador Am\u00e9rico Villarreal por el apoyo en transporte, alimentaci\u00f3n y hospedaje para la delegaci\u00f3n\u201d, expres\u00f3.<\/p>\n\n\n\n<p>Cabe mencionar que, en esta competencia, Tamaulipas enfrentar\u00e1 a atletas de Nuevo Le\u00f3n, Durango, Coahuila, Baja California, Chihuahua, Sonora, San Luis Potos\u00ed, entre otros, quienes tambi\u00e9n buscar\u00e1n un lugar en los Nacionales CONADE 2025.<\/p>\n","protected":false},"excerpt":{"rendered":"<p>Por: Agencias Ciudad Victoria, Tamaulipas.- La delegaci\u00f3n tamaulipeca de boxeo viajar\u00e1 ma\u00f1ana a Tijuana, Baja California, para disputar la etapa Macroregional de los Nacionales CONADE 2025, en busca de su pase a la fase nacional. El equipo est\u00e1 conformado por alrededor de 45 integrantes, entre boxeadores y cuerpo t\u00e9cnico, quienes competir\u00e1n en las categor\u00edas Junior &hellip;<\/p>\n","protected":false},"author":1,"featured_media":15209,"comment_status":"open","ping_status":"open","sticky":false,"template":"","format":"standard","meta":{"footnotes":""},"categories":[39],"tags":[],"class_list":["post-15208","post","type-post","status-publish","format-standard","has-post-thumbnail","","category-tamaulipas"],"_links":{"self":[{"href":"https:\/\/www.radiointeractivo.com.mx\/index.php?rest_route=\/wp\/v2\/posts\/15208","targetHints":{"allow":["GET"]}}],"collection":[{"href":"https:\/\/www.radiointeractivo.com.mx\/index.php?rest_route=\/wp\/v2\/posts"}],"about":[{"href":"https:\/\/www.radiointeractivo.com.mx\/index.php?rest_route=\/wp\/v2\/types\/post"}],"author":[{"embeddable":true,"href":"https:\/\/www.radiointeractivo.com.mx\/index.php?rest_route=\/wp\/v2\/users\/1"}],"replies":[{"embeddable":true,"href":"https:\/\/www.radiointeractivo.com.mx\/index.php?rest_route=%2Fwp%2Fv2%2Fcomments&post=15208"}],"version-history":[{"count":1,"href":"https:\/\/www.radiointeractivo.com.mx\/index.php?rest_route=\/wp\/v2\/posts\/15208\/revisions"}],"predecessor-version":[{"id":15210,"href":"https:\/\/www.radiointeractivo.com.mx\/index.php?rest_route=\/wp\/v2\/posts\/15208\/revisions\/15210"}],"wp:featuredmedia":[{"embeddable":true,"href":"https:\/\/www.radiointeractivo.com.mx\/index.php?rest_route=\/wp\/v2\/media\/15209"}],"wp:attachment":[{"href":"https:\/\/www.radiointeractivo.com.mx\/index.php?rest_route=%2Fwp%2Fv2%2Fmedia&parent=15208"}],"wp:term":[{"taxonomy":"category","embeddable":true,"href":"https:\/\/www.radiointeractivo.com.mx\/index.php?rest_route=%2Fwp%2Fv2%2Fcategories&post=15208"},{"taxonomy":"post_tag","embeddable":true,"href":"https:\/\/www.radiointeractivo.com.mx\/index.php?rest_route=%2Fwp%2Fv2%2Ftags&post=15208"}],"curies":[{"name":"wp","href":"https:\/\/api.w.org\/{rel}","templated":true}]}}