{"id":1515,"date":"2023-09-06T18:53:08","date_gmt":"2023-09-06T23:53:08","guid":{"rendered":"https:\/\/www.radiointeractivo.com.mx\/?p=1515"},"modified":"2023-09-06T18:53:09","modified_gmt":"2023-09-06T23:53:09","slug":"segundo-informe-de-carmen-lilia-canturosas-en-el-centro-cultural","status":"publish","type":"post","link":"https:\/\/www.radiointeractivo.com.mx\/?p=1515","title":{"rendered":"SEGUNDO INFORME DE CARMEN LILIA CANTUROSAS EN EL CENTRO CULTURAL"},"content":{"rendered":"\n<p>Por: Staff | #NuevoLaredo #Tamaulipas<\/p>\n\n\n\n<p>Con el objetivo de dar a conocer a los neolaredenses y tamaulipecos, las actividades realizadas durante dos a\u00f1os, la Presidenta Municipal Carmen Lilia Canturosas, ofrecer\u00e1 su Segundo Informe de Gobierno en el Centro Cultural de Nuevo Laredo.<\/p>\n\n\n\n<p>Para que la ciudadan\u00eda en general pueda conocer el trabajo realizado por la administraci\u00f3n que trabaja para la transformaci\u00f3n de la ciudad, en junta de Cabildo, S\u00edndicos y Regidores aprobaron por unanimidad que se realice en el inmueble cultural este martes 12 de septiembre en punto de las 12 del mediod\u00eda.<\/p>\n\n\n\n<p>\u201cEs un sitio grande y c\u00f3modo en donde much\u00edsima gente puede acompa\u00f1arnos para que conozcan todo lo que hemos realizado en esta administraci\u00f3n municipal\u201d, mencion\u00f3 la alcaldesa.<\/p>\n\n\n\n<p>Agreg\u00f3 que ser\u00e1 un informe diferente, detallado, de puertas abiertas, enfocado al bienestar de las familias neolaredenses y la inversi\u00f3n hist\u00f3rica en obra p\u00fablica.<\/p>\n\n\n\n<figure class=\"wp-block-gallery has-nested-images columns-default is-cropped wp-block-gallery-1 is-layout-flex wp-block-gallery-is-layout-flex\">\n<figure class=\"wp-block-image size-large\"><img loading=\"lazy\" decoding=\"async\" width=\"1024\" height=\"1021\" data-id=\"1516\" src=\"https:\/\/www.radiointeractivo.com.mx\/wp-content\/uploads\/2023\/09\/WhatsApp-Image-2023-09-06-at-5.46.24-PM-1024x1021.jpeg\" alt=\"\" class=\"wp-image-1516\" srcset=\"https:\/\/www.radiointeractivo.com.mx\/wp-content\/uploads\/2023\/09\/WhatsApp-Image-2023-09-06-at-5.46.24-PM-1024x1021.jpeg 1024w, https:\/\/www.radiointeractivo.com.mx\/wp-content\/uploads\/2023\/09\/WhatsApp-Image-2023-09-06-at-5.46.24-PM-300x300.jpeg 300w, https:\/\/www.radiointeractivo.com.mx\/wp-content\/uploads\/2023\/09\/WhatsApp-Image-2023-09-06-at-5.46.24-PM-150x150.jpeg 150w, https:\/\/www.radiointeractivo.com.mx\/wp-content\/uploads\/2023\/09\/WhatsApp-Image-2023-09-06-at-5.46.24-PM-768x766.jpeg 768w, https:\/\/www.radiointeractivo.com.mx\/wp-content\/uploads\/2023\/09\/WhatsApp-Image-2023-09-06-at-5.46.24-PM.jpeg 1073w\" sizes=\"auto, (max-width: 1024px) 100vw, 1024px\" \/><\/figure>\n<\/figure>\n","protected":false},"excerpt":{"rendered":"<p>Por: Staff | #NuevoLaredo #Tamaulipas Con el objetivo de dar a conocer a los neolaredenses y tamaulipecos, las actividades realizadas durante dos a\u00f1os, la Presidenta Municipal Carmen Lilia Canturosas, ofrecer\u00e1 su Segundo Informe de Gobierno en el Centro Cultural de Nuevo Laredo. Para que la ciudadan\u00eda en general pueda conocer el trabajo realizado por la &hellip;<\/p>\n","protected":false},"author":1,"featured_media":1517,"comment_status":"open","ping_status":"open","sticky":false,"template":"","format":"standard","meta":{"footnotes":""},"categories":[38],"tags":[],"class_list":["post-1515","post","type-post","status-publish","format-standard","has-post-thumbnail","","category-nuevo-laredo"],"_links":{"self":[{"href":"https:\/\/www.radiointeractivo.com.mx\/index.php?rest_route=\/wp\/v2\/posts\/1515","targetHints":{"allow":["GET"]}}],"collection":[{"href":"https:\/\/www.radiointeractivo.com.mx\/index.php?rest_route=\/wp\/v2\/posts"}],"about":[{"href":"https:\/\/www.radiointeractivo.com.mx\/index.php?rest_route=\/wp\/v2\/types\/post"}],"author":[{"embeddable":true,"href":"https:\/\/www.radiointeractivo.com.mx\/index.php?rest_route=\/wp\/v2\/users\/1"}],"replies":[{"embeddable":true,"href":"https:\/\/www.radiointeractivo.com.mx\/index.php?rest_route=%2Fwp%2Fv2%2Fcomments&post=1515"}],"version-history":[{"count":1,"href":"https:\/\/www.radiointeractivo.com.mx\/index.php?rest_route=\/wp\/v2\/posts\/1515\/revisions"}],"predecessor-version":[{"id":1518,"href":"https:\/\/www.radiointeractivo.com.mx\/index.php?rest_route=\/wp\/v2\/posts\/1515\/revisions\/1518"}],"wp:featuredmedia":[{"embeddable":true,"href":"https:\/\/www.radiointeractivo.com.mx\/index.php?rest_route=\/wp\/v2\/media\/1517"}],"wp:attachment":[{"href":"https:\/\/www.radiointeractivo.com.mx\/index.php?rest_route=%2Fwp%2Fv2%2Fmedia&parent=1515"}],"wp:term":[{"taxonomy":"category","embeddable":true,"href":"https:\/\/www.radiointeractivo.com.mx\/index.php?rest_route=%2Fwp%2Fv2%2Fcategories&post=1515"},{"taxonomy":"post_tag","embeddable":true,"href":"https:\/\/www.radiointeractivo.com.mx\/index.php?rest_route=%2Fwp%2Fv2%2Ftags&post=1515"}],"curies":[{"name":"wp","href":"https:\/\/api.w.org\/{rel}","templated":true}]}}