{"id":15083,"date":"2025-03-20T17:24:06","date_gmt":"2025-03-20T22:24:06","guid":{"rendered":"https:\/\/www.radiointeractivo.com.mx\/?p=15083"},"modified":"2025-03-20T17:24:07","modified_gmt":"2025-03-20T22:24:07","slug":"capacita-codhet-a-personal-de-la-guardia-estatal-sobre-derechos-humanos","status":"publish","type":"post","link":"https:\/\/www.radiointeractivo.com.mx\/?p=15083","title":{"rendered":"Capacita CODHET a personal de la Guardia Estatal sobre derechos humanos"},"content":{"rendered":"\n<figure class=\"wp-block-image size-large\"><img loading=\"lazy\" decoding=\"async\" width=\"1024\" height=\"682\" src=\"https:\/\/www.radiointeractivo.com.mx\/wp-content\/uploads\/2025\/03\/WhatsApp-Image-2025-03-20-at-12.42.09-PM-1024x682.jpeg\" alt=\"\" class=\"wp-image-15084\" srcset=\"https:\/\/www.radiointeractivo.com.mx\/wp-content\/uploads\/2025\/03\/WhatsApp-Image-2025-03-20-at-12.42.09-PM-1024x682.jpeg 1024w, https:\/\/www.radiointeractivo.com.mx\/wp-content\/uploads\/2025\/03\/WhatsApp-Image-2025-03-20-at-12.42.09-PM-300x200.jpeg 300w, https:\/\/www.radiointeractivo.com.mx\/wp-content\/uploads\/2025\/03\/WhatsApp-Image-2025-03-20-at-12.42.09-PM-768x512.jpeg 768w, https:\/\/www.radiointeractivo.com.mx\/wp-content\/uploads\/2025\/03\/WhatsApp-Image-2025-03-20-at-12.42.09-PM-1536x1023.jpeg 1536w, https:\/\/www.radiointeractivo.com.mx\/wp-content\/uploads\/2025\/03\/WhatsApp-Image-2025-03-20-at-12.42.09-PM-310x205.jpeg 310w, https:\/\/www.radiointeractivo.com.mx\/wp-content\/uploads\/2025\/03\/WhatsApp-Image-2025-03-20-at-12.42.09-PM.jpeg 1600w\" sizes=\"auto, (max-width: 1024px) 100vw, 1024px\" \/><\/figure>\n\n\n\n<p>-A trav\u00e9s de estos programas se busca brindar un mejor servicio a la ciudadan\u00eda<\/p>\n\n\n\n<p>Por: Agencias<\/p>\n\n\n\n<p>Ciudad Victoria, Tamaulipas.- En atenci\u00f3n a las recomendaciones emitidas por la Comisi\u00f3n Nacional de Derechos Humanos (CNDH) personal de la Guardia Estatal asisti\u00f3 a la conferencia denominada \u2018\u2019Aspectos Generales de los Derechos Humanos\u2019\u2019 impartida en el Auditorio de la Universidad de Seguridad y Justicia de Tamaulipas (USJT).<\/p>\n\n\n\n<p>La conferencia estuvo a cargo del coordinador de peritos de la Comisi\u00f3n de Derechos Humanos del Estado de Tamaulipas (CODHET), Reyes Eduardo Egu\u00eda Dur\u00e1n y forma parte de una serie de tres conferencias contin\u00faas con dos horas de duraci\u00f3n cada una.<\/p>\n\n\n\n<p>En representaci\u00f3n del secretario de Seguridad P\u00fablica de Tamaulipas, Sergio Hernando Ch\u00e1vez Garc\u00eda, el subsecretario de Operaciones de la Guardia Estatal, Alex Melgarejo Torres inaugur\u00f3 el evento.<\/p>\n\n\n\n<p>\u00a8Las autoridades en el \u00e1mbito de sus competencias, tenemos la obligaci\u00f3n de respetar, proteger y garantizar los derechos humanos\u2019\u2019, declar\u00f3.<\/p>\n\n\n\n<p>De esta manera, la Secretar\u00eda de Seguridad P\u00fablica de Tamaulipas (SSPT) capacita a las y los servidores p\u00fablicos a fin de que se salvaguarde el respeto a los derechos humanos durante su labor al servicio de la ciudadan\u00eda tamaulipeca.<\/p>\n\n\n\n<p>Ambos estuvieron acompa\u00f1ados en la l\u00ednea de honor por la coordinadora general jur\u00eddica y de Transparencia, Carolina Gonz\u00e1lez Maldonado; el director de lo Normativo Administrativo de esta coordinaci\u00f3n, Ricardo Puebla Ballesteros; y el director del Consejo de Desarrollo Policial, Igor Mendoza Ruiz.<\/p>\n","protected":false},"excerpt":{"rendered":"<p>-A trav\u00e9s de estos programas se busca brindar un mejor servicio a la ciudadan\u00eda Por: Agencias Ciudad Victoria, Tamaulipas.- En atenci\u00f3n a las recomendaciones emitidas por la Comisi\u00f3n Nacional de Derechos Humanos (CNDH) personal de la Guardia Estatal asisti\u00f3 a la conferencia denominada \u2018\u2019Aspectos Generales de los Derechos Humanos\u2019\u2019 impartida en el Auditorio de la &hellip;<\/p>\n","protected":false},"author":1,"featured_media":15084,"comment_status":"open","ping_status":"open","sticky":false,"template":"","format":"standard","meta":{"footnotes":""},"categories":[39],"tags":[],"class_list":["post-15083","post","type-post","status-publish","format-standard","has-post-thumbnail","","category-tamaulipas"],"_links":{"self":[{"href":"https:\/\/www.radiointeractivo.com.mx\/index.php?rest_route=\/wp\/v2\/posts\/15083","targetHints":{"allow":["GET"]}}],"collection":[{"href":"https:\/\/www.radiointeractivo.com.mx\/index.php?rest_route=\/wp\/v2\/posts"}],"about":[{"href":"https:\/\/www.radiointeractivo.com.mx\/index.php?rest_route=\/wp\/v2\/types\/post"}],"author":[{"embeddable":true,"href":"https:\/\/www.radiointeractivo.com.mx\/index.php?rest_route=\/wp\/v2\/users\/1"}],"replies":[{"embeddable":true,"href":"https:\/\/www.radiointeractivo.com.mx\/index.php?rest_route=%2Fwp%2Fv2%2Fcomments&post=15083"}],"version-history":[{"count":1,"href":"https:\/\/www.radiointeractivo.com.mx\/index.php?rest_route=\/wp\/v2\/posts\/15083\/revisions"}],"predecessor-version":[{"id":15085,"href":"https:\/\/www.radiointeractivo.com.mx\/index.php?rest_route=\/wp\/v2\/posts\/15083\/revisions\/15085"}],"wp:featuredmedia":[{"embeddable":true,"href":"https:\/\/www.radiointeractivo.com.mx\/index.php?rest_route=\/wp\/v2\/media\/15084"}],"wp:attachment":[{"href":"https:\/\/www.radiointeractivo.com.mx\/index.php?rest_route=%2Fwp%2Fv2%2Fmedia&parent=15083"}],"wp:term":[{"taxonomy":"category","embeddable":true,"href":"https:\/\/www.radiointeractivo.com.mx\/index.php?rest_route=%2Fwp%2Fv2%2Fcategories&post=15083"},{"taxonomy":"post_tag","embeddable":true,"href":"https:\/\/www.radiointeractivo.com.mx\/index.php?rest_route=%2Fwp%2Fv2%2Ftags&post=15083"}],"curies":[{"name":"wp","href":"https:\/\/api.w.org\/{rel}","templated":true}]}}