{"id":15071,"date":"2025-03-20T15:22:28","date_gmt":"2025-03-20T20:22:28","guid":{"rendered":"https:\/\/www.radiointeractivo.com.mx\/?p=15071"},"modified":"2025-03-20T15:22:29","modified_gmt":"2025-03-20T20:22:29","slug":"invita-imjuve-a-sesion-gratuita-de-yoga-para-mujeres-en-la-casa-de-la-cultura-viveros","status":"publish","type":"post","link":"https:\/\/www.radiointeractivo.com.mx\/?p=15071","title":{"rendered":"INVITA IMJUVE A SESI\u00d3N GRATUITA DE YOGA PARA MUJERES EN LA CASA DE LA CULTURA VIVEROS"},"content":{"rendered":"\n<figure class=\"wp-block-image size-large\"><img loading=\"lazy\" decoding=\"async\" width=\"1024\" height=\"684\" src=\"https:\/\/www.radiointeractivo.com.mx\/wp-content\/uploads\/2025\/03\/WhatsApp-Image-2025-03-20-at-2.37.33-PM-1-1024x684.jpeg\" alt=\"\" class=\"wp-image-15072\" srcset=\"https:\/\/www.radiointeractivo.com.mx\/wp-content\/uploads\/2025\/03\/WhatsApp-Image-2025-03-20-at-2.37.33-PM-1-1024x684.jpeg 1024w, https:\/\/www.radiointeractivo.com.mx\/wp-content\/uploads\/2025\/03\/WhatsApp-Image-2025-03-20-at-2.37.33-PM-1-300x200.jpeg 300w, https:\/\/www.radiointeractivo.com.mx\/wp-content\/uploads\/2025\/03\/WhatsApp-Image-2025-03-20-at-2.37.33-PM-1-768x513.jpeg 768w, https:\/\/www.radiointeractivo.com.mx\/wp-content\/uploads\/2025\/03\/WhatsApp-Image-2025-03-20-at-2.37.33-PM-1-1536x1026.jpeg 1536w, https:\/\/www.radiointeractivo.com.mx\/wp-content\/uploads\/2025\/03\/WhatsApp-Image-2025-03-20-at-2.37.33-PM-1.jpeg 1600w\" sizes=\"auto, (max-width: 1024px) 100vw, 1024px\" \/><\/figure>\n\n\n\n<p>Por: Staff | #NuevoLaredo #Laredo #NLD #Tamaulipas<\/p>\n\n\n\n<p>Con el objetivo de brindar un espacio de relajaci\u00f3n, autocuidado y bienestar, se llevar\u00e1 a cabo la sesi\u00f3n \u201cYoga para Chavas\u201d, dirigida a mujeres de 12 a 29 a\u00f1os, este s\u00e1bado 22 de marzo en la Casa de la Cultura Viveros.<\/p>\n\n\n\n<p>El evento, organizado en colaboraci\u00f3n con la instructora Alicia Ledezma, ofrecer\u00e1 una experiencia \u00fanica para desconectarse del estr\u00e9s diario y reconectar con una misma a trav\u00e9s de la pr\u00e1ctica del yoga.<\/p>\n\n\n\n<p>La sesi\u00f3n se realizar\u00e1 en un horario de 8:30 a 11:30 a.m. y la participaci\u00f3n es completamente gratuita. Adem\u00e1s, las primeras 50 asistentes en llegar recibir\u00e1n un kit especial del evento.<\/p>\n\n\n\n<p>Las interesadas pueden registrarse previamente a trav\u00e9s del siguiente enlace:<\/p>\n\n\n\n<figure class=\"wp-block-embed\"><div class=\"wp-block-embed__wrapper\">\nhttps:\/\/forms.gle\/1ZPLrxVQXkCstzs8A\n<\/div><\/figure>\n\n\n\n<p>El cupo es limitado, por lo que se recomienda asegurar su lugar con anticipaci\u00f3n. Esta es una excelente oportunidad para disfrutar de un rato de relajaci\u00f3n, liberar tensiones y consentirse.<\/p>\n","protected":false},"excerpt":{"rendered":"<p>Por: Staff | #NuevoLaredo #Laredo #NLD #Tamaulipas Con el objetivo de brindar un espacio de relajaci\u00f3n, autocuidado y bienestar, se llevar\u00e1 a cabo la sesi\u00f3n \u201cYoga para Chavas\u201d, dirigida a mujeres de 12 a 29 a\u00f1os, este s\u00e1bado 22 de marzo en la Casa de la Cultura Viveros. El evento, organizado en colaboraci\u00f3n con la &hellip;<\/p>\n","protected":false},"author":1,"featured_media":15072,"comment_status":"open","ping_status":"open","sticky":false,"template":"","format":"standard","meta":{"footnotes":""},"categories":[38],"tags":[],"class_list":["post-15071","post","type-post","status-publish","format-standard","has-post-thumbnail","","category-nuevo-laredo"],"_links":{"self":[{"href":"https:\/\/www.radiointeractivo.com.mx\/index.php?rest_route=\/wp\/v2\/posts\/15071","targetHints":{"allow":["GET"]}}],"collection":[{"href":"https:\/\/www.radiointeractivo.com.mx\/index.php?rest_route=\/wp\/v2\/posts"}],"about":[{"href":"https:\/\/www.radiointeractivo.com.mx\/index.php?rest_route=\/wp\/v2\/types\/post"}],"author":[{"embeddable":true,"href":"https:\/\/www.radiointeractivo.com.mx\/index.php?rest_route=\/wp\/v2\/users\/1"}],"replies":[{"embeddable":true,"href":"https:\/\/www.radiointeractivo.com.mx\/index.php?rest_route=%2Fwp%2Fv2%2Fcomments&post=15071"}],"version-history":[{"count":1,"href":"https:\/\/www.radiointeractivo.com.mx\/index.php?rest_route=\/wp\/v2\/posts\/15071\/revisions"}],"predecessor-version":[{"id":15073,"href":"https:\/\/www.radiointeractivo.com.mx\/index.php?rest_route=\/wp\/v2\/posts\/15071\/revisions\/15073"}],"wp:featuredmedia":[{"embeddable":true,"href":"https:\/\/www.radiointeractivo.com.mx\/index.php?rest_route=\/wp\/v2\/media\/15072"}],"wp:attachment":[{"href":"https:\/\/www.radiointeractivo.com.mx\/index.php?rest_route=%2Fwp%2Fv2%2Fmedia&parent=15071"}],"wp:term":[{"taxonomy":"category","embeddable":true,"href":"https:\/\/www.radiointeractivo.com.mx\/index.php?rest_route=%2Fwp%2Fv2%2Fcategories&post=15071"},{"taxonomy":"post_tag","embeddable":true,"href":"https:\/\/www.radiointeractivo.com.mx\/index.php?rest_route=%2Fwp%2Fv2%2Ftags&post=15071"}],"curies":[{"name":"wp","href":"https:\/\/api.w.org\/{rel}","templated":true}]}}