{"id":15068,"date":"2025-03-20T14:51:06","date_gmt":"2025-03-20T19:51:06","guid":{"rendered":"https:\/\/www.radiointeractivo.com.mx\/?p=15068"},"modified":"2025-03-20T14:51:08","modified_gmt":"2025-03-20T19:51:08","slug":"lleva-direccion-de-arte-y-cultura-cuentos-para-sanar-a-la-escuela-primaria-ignacio-ramirez","status":"publish","type":"post","link":"https:\/\/www.radiointeractivo.com.mx\/?p=15068","title":{"rendered":"LLEVA DIRECCI\u00d3N DE ARTE Y CULTURA \u201cCUENTOS PARA SANAR\u201d A LA ESCUELA PRIMARIA IGNACIO RAM\u00cdREZ"},"content":{"rendered":"\n<figure class=\"wp-block-image size-large\"><img loading=\"lazy\" decoding=\"async\" width=\"1024\" height=\"780\" src=\"https:\/\/www.radiointeractivo.com.mx\/wp-content\/uploads\/2025\/03\/WhatsApp-Image-2025-03-20-at-2.32.34-PM-1-1024x780.jpeg\" alt=\"\" class=\"wp-image-15069\" srcset=\"https:\/\/www.radiointeractivo.com.mx\/wp-content\/uploads\/2025\/03\/WhatsApp-Image-2025-03-20-at-2.32.34-PM-1-1024x780.jpeg 1024w, https:\/\/www.radiointeractivo.com.mx\/wp-content\/uploads\/2025\/03\/WhatsApp-Image-2025-03-20-at-2.32.34-PM-1-300x229.jpeg 300w, https:\/\/www.radiointeractivo.com.mx\/wp-content\/uploads\/2025\/03\/WhatsApp-Image-2025-03-20-at-2.32.34-PM-1-768x585.jpeg 768w, https:\/\/www.radiointeractivo.com.mx\/wp-content\/uploads\/2025\/03\/WhatsApp-Image-2025-03-20-at-2.32.34-PM-1.jpeg 1280w\" sizes=\"auto, (max-width: 1024px) 100vw, 1024px\" \/><\/figure>\n\n\n\n<p>Por: Staff | #NuevoLaredo #Laredo #NLD #Tamaulipas<\/p>\n\n\n\n<p>La Casa de la Cultura Palmares llev\u00f3 el programa \u201cCuentos para sanar\u201d a la Escuela Primaria Ignacio Ram\u00edrez, donde participaron m\u00e1s de 250 alumnos, as\u00ed como maestros y personal administrativo de la instituci\u00f3n.<\/p>\n\n\n\n<p>A trav\u00e9s de la narraci\u00f3n de historias, este programa busca fomentar la lectura y promover el bienestar emocional en los estudiantes, brind\u00e1ndoles un espacio para la imaginaci\u00f3n, la empat\u00eda y la reflexi\u00f3n.<\/p>\n\n\n\n<p>Durante la jornada, los ni\u00f1os y ni\u00f1as disfrutaron de cuentos que abordan temas como la superaci\u00f3n de miedos, la empat\u00eda y la importancia de los valores, generando un ambiente l\u00fadico y educativo que despert\u00f3 su curiosidad e inter\u00e9s por la lectura.<\/p>\n\n\n\n<p>El programa \u201cCuentos para sanar\u201d forma parte de las iniciativas de la Casa de la Cultura Palmares para acercar las expresiones art\u00edsticas a la comunidad educativa, contribuyendo al desarrollo integral de la ni\u00f1ez a trav\u00e9s del arte y la literatura.<\/p>\n","protected":false},"excerpt":{"rendered":"<p>Por: Staff | #NuevoLaredo #Laredo #NLD #Tamaulipas La Casa de la Cultura Palmares llev\u00f3 el programa \u201cCuentos para sanar\u201d a la Escuela Primaria Ignacio Ram\u00edrez, donde participaron m\u00e1s de 250 alumnos, as\u00ed como maestros y personal administrativo de la instituci\u00f3n. A trav\u00e9s de la narraci\u00f3n de historias, este programa busca fomentar la lectura y promover &hellip;<\/p>\n","protected":false},"author":1,"featured_media":15069,"comment_status":"open","ping_status":"open","sticky":false,"template":"","format":"standard","meta":{"footnotes":""},"categories":[38],"tags":[],"class_list":["post-15068","post","type-post","status-publish","format-standard","has-post-thumbnail","","category-nuevo-laredo"],"_links":{"self":[{"href":"https:\/\/www.radiointeractivo.com.mx\/index.php?rest_route=\/wp\/v2\/posts\/15068","targetHints":{"allow":["GET"]}}],"collection":[{"href":"https:\/\/www.radiointeractivo.com.mx\/index.php?rest_route=\/wp\/v2\/posts"}],"about":[{"href":"https:\/\/www.radiointeractivo.com.mx\/index.php?rest_route=\/wp\/v2\/types\/post"}],"author":[{"embeddable":true,"href":"https:\/\/www.radiointeractivo.com.mx\/index.php?rest_route=\/wp\/v2\/users\/1"}],"replies":[{"embeddable":true,"href":"https:\/\/www.radiointeractivo.com.mx\/index.php?rest_route=%2Fwp%2Fv2%2Fcomments&post=15068"}],"version-history":[{"count":1,"href":"https:\/\/www.radiointeractivo.com.mx\/index.php?rest_route=\/wp\/v2\/posts\/15068\/revisions"}],"predecessor-version":[{"id":15070,"href":"https:\/\/www.radiointeractivo.com.mx\/index.php?rest_route=\/wp\/v2\/posts\/15068\/revisions\/15070"}],"wp:featuredmedia":[{"embeddable":true,"href":"https:\/\/www.radiointeractivo.com.mx\/index.php?rest_route=\/wp\/v2\/media\/15069"}],"wp:attachment":[{"href":"https:\/\/www.radiointeractivo.com.mx\/index.php?rest_route=%2Fwp%2Fv2%2Fmedia&parent=15068"}],"wp:term":[{"taxonomy":"category","embeddable":true,"href":"https:\/\/www.radiointeractivo.com.mx\/index.php?rest_route=%2Fwp%2Fv2%2Fcategories&post=15068"},{"taxonomy":"post_tag","embeddable":true,"href":"https:\/\/www.radiointeractivo.com.mx\/index.php?rest_route=%2Fwp%2Fv2%2Ftags&post=15068"}],"curies":[{"name":"wp","href":"https:\/\/api.w.org\/{rel}","templated":true}]}}