{"id":15061,"date":"2025-03-20T00:03:33","date_gmt":"2025-03-20T05:03:33","guid":{"rendered":"https:\/\/www.radiointeractivo.com.mx\/?p=15061"},"modified":"2025-03-20T00:03:34","modified_gmt":"2025-03-20T05:03:34","slug":"sedena-realiza-charla-de-prevencion-contra-las-adicciones-en-escuela-preparatoria-federal-juvenal-boone-flores","status":"publish","type":"post","link":"https:\/\/www.radiointeractivo.com.mx\/?p=15061","title":{"rendered":"SEDENA Realiza Charla de Prevenci\u00f3n contra las Adicciones en Escuela Preparatoria Federal \u201cJuvenal Boone Flores\u201d"},"content":{"rendered":"\n<figure class=\"wp-block-image size-large\"><img loading=\"lazy\" decoding=\"async\" width=\"1024\" height=\"768\" src=\"https:\/\/www.radiointeractivo.com.mx\/wp-content\/uploads\/2025\/03\/WhatsApp-Image-2025-03-18-at-10.23.24-AM-1024x768.jpeg\" alt=\"\" class=\"wp-image-15063\" srcset=\"https:\/\/www.radiointeractivo.com.mx\/wp-content\/uploads\/2025\/03\/WhatsApp-Image-2025-03-18-at-10.23.24-AM-1024x768.jpeg 1024w, https:\/\/www.radiointeractivo.com.mx\/wp-content\/uploads\/2025\/03\/WhatsApp-Image-2025-03-18-at-10.23.24-AM-300x225.jpeg 300w, https:\/\/www.radiointeractivo.com.mx\/wp-content\/uploads\/2025\/03\/WhatsApp-Image-2025-03-18-at-10.23.24-AM-768x576.jpeg 768w, https:\/\/www.radiointeractivo.com.mx\/wp-content\/uploads\/2025\/03\/WhatsApp-Image-2025-03-18-at-10.23.24-AM-1536x1152.jpeg 1536w, https:\/\/www.radiointeractivo.com.mx\/wp-content\/uploads\/2025\/03\/WhatsApp-Image-2025-03-18-at-10.23.24-AM.jpeg 1600w\" sizes=\"auto, (max-width: 1024px) 100vw, 1024px\" \/><\/figure>\n\n\n\n<p>Por: Fernanda Valtierra | #NuevoLaredo #Laredo #NLD #Tamaulipas<\/p>\n\n\n\n<p>La Secretar\u00eda de la Defensa Nacional (SEDENA), en conjunto con la Escuela Preparatoria Federal n\u00famero #1 por cooperaci\u00f3n \u201cJuvenal Boone Flores\u201d realizaron una pl\u00e1tica de prevenci\u00f3n contra las adicciones con el objetivo de concientizar a los j\u00f3venes sobre los riesgos asociados al consumo de sustancias psicoactivas.<\/p>\n\n\n\n<p>\u201cEstas charlas son impartidas por personal especializado de la SEDENA, quienes ofrecen a los estudiantes informaci\u00f3n relevante sobre las consecuencias f\u00edsicas, psicol\u00f3gicas y sociales del consumo de drogas\u201d declar\u00f3 Sarahi \u00c1valos Lim\u00f3n, Directora de la Preparatoria Juvenal Boone Flores.<\/p>\n\n\n\n<p>A los alumnos se les brindan herramientas y estrategias para identificar los primeros signos de adicci\u00f3n y c\u00f3mo resistir la presi\u00f3n social que puede llevar al consumo de sustancias.<\/p>\n\n\n\n<p>El enfoque de las charlas no solo se centra en la informaci\u00f3n te\u00f3rica, sino tambi\u00e9n en promover valores como la responsabilidad personal, el autocuidado y el fortalecimiento del car\u00e1cter frente a situaciones de riesgo.<\/p>\n\n\n\n<p>\u201cDurante las sesiones, los estudiantes tienen la oportunidad de interactuar y resolver dudas, lo que facilita una mayor comprensi\u00f3n del impacto negativo que las adicciones pueden tener en sus vidas\u201d se\u00f1al\u00f3 la directora \u00c1valos Lim\u00f3n.<\/p>\n\n\n\n<p>Este esfuerzo forma parte de las acciones preventivas de la SEDENA para contribuir a la construcci\u00f3n de comunidades m\u00e1s saludables y seguras, ayudando a los j\u00f3venes a tomar decisiones informadas que favorezcan su bienestar y desarrollo integral.<\/p>\n","protected":false},"excerpt":{"rendered":"<p>Por: Fernanda Valtierra | #NuevoLaredo #Laredo #NLD #Tamaulipas La Secretar\u00eda de la Defensa Nacional (SEDENA), en conjunto con la Escuela Preparatoria Federal n\u00famero #1 por cooperaci\u00f3n \u201cJuvenal Boone Flores\u201d realizaron una pl\u00e1tica de prevenci\u00f3n contra las adicciones con el objetivo de concientizar a los j\u00f3venes sobre los riesgos asociados al consumo de sustancias psicoactivas. \u201cEstas &hellip;<\/p>\n","protected":false},"author":1,"featured_media":15062,"comment_status":"open","ping_status":"open","sticky":false,"template":"","format":"standard","meta":{"footnotes":""},"categories":[38],"tags":[],"class_list":["post-15061","post","type-post","status-publish","format-standard","has-post-thumbnail","","category-nuevo-laredo"],"_links":{"self":[{"href":"https:\/\/www.radiointeractivo.com.mx\/index.php?rest_route=\/wp\/v2\/posts\/15061","targetHints":{"allow":["GET"]}}],"collection":[{"href":"https:\/\/www.radiointeractivo.com.mx\/index.php?rest_route=\/wp\/v2\/posts"}],"about":[{"href":"https:\/\/www.radiointeractivo.com.mx\/index.php?rest_route=\/wp\/v2\/types\/post"}],"author":[{"embeddable":true,"href":"https:\/\/www.radiointeractivo.com.mx\/index.php?rest_route=\/wp\/v2\/users\/1"}],"replies":[{"embeddable":true,"href":"https:\/\/www.radiointeractivo.com.mx\/index.php?rest_route=%2Fwp%2Fv2%2Fcomments&post=15061"}],"version-history":[{"count":1,"href":"https:\/\/www.radiointeractivo.com.mx\/index.php?rest_route=\/wp\/v2\/posts\/15061\/revisions"}],"predecessor-version":[{"id":15064,"href":"https:\/\/www.radiointeractivo.com.mx\/index.php?rest_route=\/wp\/v2\/posts\/15061\/revisions\/15064"}],"wp:featuredmedia":[{"embeddable":true,"href":"https:\/\/www.radiointeractivo.com.mx\/index.php?rest_route=\/wp\/v2\/media\/15062"}],"wp:attachment":[{"href":"https:\/\/www.radiointeractivo.com.mx\/index.php?rest_route=%2Fwp%2Fv2%2Fmedia&parent=15061"}],"wp:term":[{"taxonomy":"category","embeddable":true,"href":"https:\/\/www.radiointeractivo.com.mx\/index.php?rest_route=%2Fwp%2Fv2%2Fcategories&post=15061"},{"taxonomy":"post_tag","embeddable":true,"href":"https:\/\/www.radiointeractivo.com.mx\/index.php?rest_route=%2Fwp%2Fv2%2Ftags&post=15061"}],"curies":[{"name":"wp","href":"https:\/\/api.w.org\/{rel}","templated":true}]}}