{"id":15055,"date":"2025-03-19T23:57:45","date_gmt":"2025-03-20T04:57:45","guid":{"rendered":"https:\/\/www.radiointeractivo.com.mx\/?p=15055"},"modified":"2025-03-19T23:57:46","modified_gmt":"2025-03-20T04:57:46","slug":"capacita-usjt-a-5-mil-319-elementos-en-la-presente-administracion-estatal","status":"publish","type":"post","link":"https:\/\/www.radiointeractivo.com.mx\/?p=15055","title":{"rendered":"Capacita USJT a 5 mil 319 elementos en la presente administraci\u00f3n estatal"},"content":{"rendered":"\n<figure class=\"wp-block-image size-large\"><img loading=\"lazy\" decoding=\"async\" width=\"1024\" height=\"682\" src=\"https:\/\/www.radiointeractivo.com.mx\/wp-content\/uploads\/2025\/03\/WhatsApp-Image-2025-03-19-at-1.57.08-PM-1024x682.jpeg\" alt=\"\" class=\"wp-image-15056\" srcset=\"https:\/\/www.radiointeractivo.com.mx\/wp-content\/uploads\/2025\/03\/WhatsApp-Image-2025-03-19-at-1.57.08-PM-1024x682.jpeg 1024w, https:\/\/www.radiointeractivo.com.mx\/wp-content\/uploads\/2025\/03\/WhatsApp-Image-2025-03-19-at-1.57.08-PM-300x200.jpeg 300w, https:\/\/www.radiointeractivo.com.mx\/wp-content\/uploads\/2025\/03\/WhatsApp-Image-2025-03-19-at-1.57.08-PM-768x512.jpeg 768w, https:\/\/www.radiointeractivo.com.mx\/wp-content\/uploads\/2025\/03\/WhatsApp-Image-2025-03-19-at-1.57.08-PM-1536x1023.jpeg 1536w, https:\/\/www.radiointeractivo.com.mx\/wp-content\/uploads\/2025\/03\/WhatsApp-Image-2025-03-19-at-1.57.08-PM-310x205.jpeg 310w, https:\/\/www.radiointeractivo.com.mx\/wp-content\/uploads\/2025\/03\/WhatsApp-Image-2025-03-19-at-1.57.08-PM.jpeg 1600w\" sizes=\"auto, (max-width: 1024px) 100vw, 1024px\" \/><\/figure>\n\n\n\n<p>-En su tercer informe, el gobernador Am\u00e9rico Villarreal se\u00f1al\u00f3 que actualmente hay un total de 818 estudiantes y elementos quienes reciben capacitaci\u00f3n en la Universidad de Seguridad y Justicia de Tamaulipas<\/p>\n\n\n\n<p>Por: Agencias<\/p>\n\n\n\n<p>Ciudad Victoria, Tamaulipas.- La Universidad de Seguridad y Justicia de Tamaulipas (USJT) ha capacitado en estos tres a\u00f1os de la administraci\u00f3n del gobernador Am\u00e9rico Villarreal Anaya a 5 mil 319 elementos de las diversas corporaciones policiales con cursos de profesionalizaci\u00f3n.<\/p>\n\n\n\n<p>En su tercer informe, Villarreal Anaya destac\u00f3 tambi\u00e9n que tan solo en este a\u00f1o, la USJT duplic\u00f3 su matr\u00edcula respecto a los periodos anteriores, lo cual ha implicado que el n\u00famero de aspirantes en formaci\u00f3n en este momento alcance los 818 estudiantes.<\/p>\n\n\n\n<p>\u201cComo instituci\u00f3n acad\u00e9mica especializada, nuestra Universidad de Seguridad y Justicia duplic\u00f3 su matr\u00edcula con respecto a periodos anteriores\u201d, dijo el gobernador en su Tercer Informe de Gobierno.<\/p>\n\n\n\n<p>El rector de la USJT, Willy Z\u00fa\u00f1iga Castillo, indic\u00f3 que la capacitaci\u00f3n recibida tanto de elementos en activo como estudiantes, est\u00e1 basada en el humanismo y el pleno respeto a los derechos humanos, como ejes rectores del presente gobierno.<\/p>\n\n\n\n<p>Actualmente, adem\u00e1s de las tres carreras que ofrece la USJT, abrir\u00e1 en septiembre la Licenciatura en Derecho, la cual se agrega a la de Criminolog\u00eda, Seguridad P\u00fablica y Ciencias Policiales.<\/p>\n\n\n\n<p>Z\u00fa\u00f1iga Castillo indic\u00f3 tambi\u00e9n que est\u00e1 en proceso el campus Altamira, con instalaciones de vanguardia en un terreno de 10 hect\u00e1reas, lo cual vendr\u00e1 a fortalecer la formaci\u00f3n de profesionales de la seguridad y procuraci\u00f3n de justicia.<\/p>\n","protected":false},"excerpt":{"rendered":"<p>-En su tercer informe, el gobernador Am\u00e9rico Villarreal se\u00f1al\u00f3 que actualmente hay un total de 818 estudiantes y elementos quienes reciben capacitaci\u00f3n en la Universidad de Seguridad y Justicia de Tamaulipas Por: Agencias Ciudad Victoria, Tamaulipas.- La Universidad de Seguridad y Justicia de Tamaulipas (USJT) ha capacitado en estos tres a\u00f1os de la administraci\u00f3n del &hellip;<\/p>\n","protected":false},"author":1,"featured_media":15056,"comment_status":"open","ping_status":"open","sticky":false,"template":"","format":"standard","meta":{"footnotes":""},"categories":[39],"tags":[],"class_list":["post-15055","post","type-post","status-publish","format-standard","has-post-thumbnail","","category-tamaulipas"],"_links":{"self":[{"href":"https:\/\/www.radiointeractivo.com.mx\/index.php?rest_route=\/wp\/v2\/posts\/15055","targetHints":{"allow":["GET"]}}],"collection":[{"href":"https:\/\/www.radiointeractivo.com.mx\/index.php?rest_route=\/wp\/v2\/posts"}],"about":[{"href":"https:\/\/www.radiointeractivo.com.mx\/index.php?rest_route=\/wp\/v2\/types\/post"}],"author":[{"embeddable":true,"href":"https:\/\/www.radiointeractivo.com.mx\/index.php?rest_route=\/wp\/v2\/users\/1"}],"replies":[{"embeddable":true,"href":"https:\/\/www.radiointeractivo.com.mx\/index.php?rest_route=%2Fwp%2Fv2%2Fcomments&post=15055"}],"version-history":[{"count":1,"href":"https:\/\/www.radiointeractivo.com.mx\/index.php?rest_route=\/wp\/v2\/posts\/15055\/revisions"}],"predecessor-version":[{"id":15057,"href":"https:\/\/www.radiointeractivo.com.mx\/index.php?rest_route=\/wp\/v2\/posts\/15055\/revisions\/15057"}],"wp:featuredmedia":[{"embeddable":true,"href":"https:\/\/www.radiointeractivo.com.mx\/index.php?rest_route=\/wp\/v2\/media\/15056"}],"wp:attachment":[{"href":"https:\/\/www.radiointeractivo.com.mx\/index.php?rest_route=%2Fwp%2Fv2%2Fmedia&parent=15055"}],"wp:term":[{"taxonomy":"category","embeddable":true,"href":"https:\/\/www.radiointeractivo.com.mx\/index.php?rest_route=%2Fwp%2Fv2%2Fcategories&post=15055"},{"taxonomy":"post_tag","embeddable":true,"href":"https:\/\/www.radiointeractivo.com.mx\/index.php?rest_route=%2Fwp%2Fv2%2Ftags&post=15055"}],"curies":[{"name":"wp","href":"https:\/\/api.w.org\/{rel}","templated":true}]}}