{"id":1503,"date":"2023-09-06T15:33:23","date_gmt":"2023-09-06T20:33:23","guid":{"rendered":"https:\/\/www.radiointeractivo.com.mx\/?p=1503"},"modified":"2023-09-06T15:33:23","modified_gmt":"2023-09-06T20:33:23","slug":"solicita-licencia-temporal-regidora-claudia-flores-medina","status":"publish","type":"post","link":"https:\/\/www.radiointeractivo.com.mx\/?p=1503","title":{"rendered":"SOLICITA LICENCIA TEMPORAL REGIDORA CLAUDIA FLORES MEDINA"},"content":{"rendered":"\n<p>Por: Staff | #NuevoLaredo #Tamaulipas<\/p>\n\n\n\n<p>La d\u00e9cimo sexta regidora del cabildo de Nuevo Laredo, Claudia Flores Medina, solicit\u00f3 licencia temporal para dejar su cargo como parte del cuerpo edilicio por motivos profesionales.<\/p>\n\n\n\n<p>\u201cHago de su conocimiento mi decisi\u00f3n de pedir licencia temporal para separarme del cargo de regidora, esto atribuy\u00e9ndose a motivos profesionales que me impiden atender mi funci\u00f3n p\u00fablica\u201d, explic\u00f3 la funcionaria.<\/p>\n\n\n\n<p>Flores Medina se ha destacado por llevar un intenso trabajo de gesti\u00f3n en colonias como la Hidalgo, Roma, Militar, Independencia, Pe\u00f1a Benavides, El Remolino, Altavista, Tinajitas, entre otras.<\/p>\n\n\n\n<p>Como presidenta de la comisi\u00f3n de Servicios P\u00fablicos Primarios, ha apoyado campa\u00f1as como las megacuadrillas, descacharrizaci\u00f3n, erradicaci\u00f3n de tiraderos clandestinos, entre otros.<\/p>\n\n\n\n<p>La presidenta municipal, Carmen Lilia Canturosas Villarreal, reconoci\u00f3 a la regidora por su desempe\u00f1o como parte del Cabildo durante estos dos a\u00f1os y le dese\u00f3 \u00e9xito durante su licencia.<\/p>\n\n\n\n<p>Ah\u00ed mismo, tom\u00f3 protesta Linda Castillo Ramos, suplente de Flores Medina, quien a partir de ahora ocupar\u00e1 la d\u00e9cimo sexta regidur\u00eda.<\/p>\n\n\n\n<p>Cabe destacar, que a la par de su actual responsabilidad como Coordinadora de Gesti\u00f3n Vecinal en la Secretar\u00eda Municipal de Bienestar, Flores Medina se desempe\u00f1a como empresaria.<\/p>\n\n\n\n<figure class=\"wp-block-gallery has-nested-images columns-default is-cropped wp-block-gallery-1 is-layout-flex wp-block-gallery-is-layout-flex\">\n<figure class=\"wp-block-image size-large\"><img loading=\"lazy\" decoding=\"async\" width=\"1024\" height=\"682\" data-id=\"1504\" src=\"https:\/\/www.radiointeractivo.com.mx\/wp-content\/uploads\/2023\/09\/WhatsApp-Image-2023-09-06-at-3.29.09-PM-1024x682.jpeg\" alt=\"\" class=\"wp-image-1504\" srcset=\"https:\/\/www.radiointeractivo.com.mx\/wp-content\/uploads\/2023\/09\/WhatsApp-Image-2023-09-06-at-3.29.09-PM-1024x682.jpeg 1024w, https:\/\/www.radiointeractivo.com.mx\/wp-content\/uploads\/2023\/09\/WhatsApp-Image-2023-09-06-at-3.29.09-PM-300x200.jpeg 300w, https:\/\/www.radiointeractivo.com.mx\/wp-content\/uploads\/2023\/09\/WhatsApp-Image-2023-09-06-at-3.29.09-PM-768x512.jpeg 768w, https:\/\/www.radiointeractivo.com.mx\/wp-content\/uploads\/2023\/09\/WhatsApp-Image-2023-09-06-at-3.29.09-PM-310x205.jpeg 310w, https:\/\/www.radiointeractivo.com.mx\/wp-content\/uploads\/2023\/09\/WhatsApp-Image-2023-09-06-at-3.29.09-PM.jpeg 1280w\" sizes=\"auto, (max-width: 1024px) 100vw, 1024px\" \/><\/figure>\n<\/figure>\n","protected":false},"excerpt":{"rendered":"<p>Por: Staff | #NuevoLaredo #Tamaulipas La d\u00e9cimo sexta regidora del cabildo de Nuevo Laredo, Claudia Flores Medina, solicit\u00f3 licencia temporal para dejar su cargo como parte del cuerpo edilicio por motivos profesionales. \u201cHago de su conocimiento mi decisi\u00f3n de pedir licencia temporal para separarme del cargo de regidora, esto atribuy\u00e9ndose a motivos profesionales que me &hellip;<\/p>\n","protected":false},"author":1,"featured_media":1506,"comment_status":"open","ping_status":"open","sticky":false,"template":"","format":"standard","meta":{"footnotes":""},"categories":[38],"tags":[],"class_list":["post-1503","post","type-post","status-publish","format-standard","has-post-thumbnail","","category-nuevo-laredo"],"_links":{"self":[{"href":"https:\/\/www.radiointeractivo.com.mx\/index.php?rest_route=\/wp\/v2\/posts\/1503","targetHints":{"allow":["GET"]}}],"collection":[{"href":"https:\/\/www.radiointeractivo.com.mx\/index.php?rest_route=\/wp\/v2\/posts"}],"about":[{"href":"https:\/\/www.radiointeractivo.com.mx\/index.php?rest_route=\/wp\/v2\/types\/post"}],"author":[{"embeddable":true,"href":"https:\/\/www.radiointeractivo.com.mx\/index.php?rest_route=\/wp\/v2\/users\/1"}],"replies":[{"embeddable":true,"href":"https:\/\/www.radiointeractivo.com.mx\/index.php?rest_route=%2Fwp%2Fv2%2Fcomments&post=1503"}],"version-history":[{"count":1,"href":"https:\/\/www.radiointeractivo.com.mx\/index.php?rest_route=\/wp\/v2\/posts\/1503\/revisions"}],"predecessor-version":[{"id":1507,"href":"https:\/\/www.radiointeractivo.com.mx\/index.php?rest_route=\/wp\/v2\/posts\/1503\/revisions\/1507"}],"wp:featuredmedia":[{"embeddable":true,"href":"https:\/\/www.radiointeractivo.com.mx\/index.php?rest_route=\/wp\/v2\/media\/1506"}],"wp:attachment":[{"href":"https:\/\/www.radiointeractivo.com.mx\/index.php?rest_route=%2Fwp%2Fv2%2Fmedia&parent=1503"}],"wp:term":[{"taxonomy":"category","embeddable":true,"href":"https:\/\/www.radiointeractivo.com.mx\/index.php?rest_route=%2Fwp%2Fv2%2Fcategories&post=1503"},{"taxonomy":"post_tag","embeddable":true,"href":"https:\/\/www.radiointeractivo.com.mx\/index.php?rest_route=%2Fwp%2Fv2%2Ftags&post=1503"}],"curies":[{"name":"wp","href":"https:\/\/api.w.org\/{rel}","templated":true}]}}