{"id":14975,"date":"2025-03-18T00:13:26","date_gmt":"2025-03-18T05:13:26","guid":{"rendered":"https:\/\/www.radiointeractivo.com.mx\/?p=14975"},"modified":"2025-03-18T00:13:28","modified_gmt":"2025-03-18T05:13:28","slug":"guardia-estatal-activa-plan-tamaulipas-en-jimenez-por-incendio-forestal","status":"publish","type":"post","link":"https:\/\/www.radiointeractivo.com.mx\/?p=14975","title":{"rendered":"Guardia Estatal activa Plan Tamaulipas en Jim\u00e9nez por incendio forestal"},"content":{"rendered":"\n<figure class=\"wp-block-image size-large\"><img loading=\"lazy\" decoding=\"async\" width=\"1024\" height=\"576\" src=\"https:\/\/www.radiointeractivo.com.mx\/wp-content\/uploads\/2025\/03\/WhatsApp-Image-2025-03-17-at-11.07.42-PM-1-1024x576.jpeg\" alt=\"\" class=\"wp-image-14976\" srcset=\"https:\/\/www.radiointeractivo.com.mx\/wp-content\/uploads\/2025\/03\/WhatsApp-Image-2025-03-17-at-11.07.42-PM-1-1024x576.jpeg 1024w, https:\/\/www.radiointeractivo.com.mx\/wp-content\/uploads\/2025\/03\/WhatsApp-Image-2025-03-17-at-11.07.42-PM-1-300x169.jpeg 300w, https:\/\/www.radiointeractivo.com.mx\/wp-content\/uploads\/2025\/03\/WhatsApp-Image-2025-03-17-at-11.07.42-PM-1-768x432.jpeg 768w, https:\/\/www.radiointeractivo.com.mx\/wp-content\/uploads\/2025\/03\/WhatsApp-Image-2025-03-17-at-11.07.42-PM-1-1536x864.jpeg 1536w, https:\/\/www.radiointeractivo.com.mx\/wp-content\/uploads\/2025\/03\/WhatsApp-Image-2025-03-17-at-11.07.42-PM-1-2048x1152.jpeg 2048w\" sizes=\"auto, (max-width: 1024px) 100vw, 1024px\" \/><\/figure>\n\n\n\n<p>Por: Agencias<\/p>\n\n\n\n<p>Jim\u00e9nez, Tamaulipas.- La Guardia Estatal activ\u00f3 el Plan Tamaulipas en Jim\u00e9nez para combatir un incendio forestal en las inmediaciones del Ejido Independencia, donde el fuego ya consumi\u00f3 aproximadamente dos hect\u00e1reas de terreno.<\/p>\n\n\n\n<p>El siniestro fue detectado en la carretera que conduce al ejido, por lo que de inmediato se desplegaron unidades de emergencia por la cercan\u00eda a una subestaci\u00f3n de la Comisi\u00f3n Federal de Electricidad (CFE).<\/p>\n\n\n\n<p>El fuego se extendi\u00f3 r\u00e1pidamente debido a las r\u00e1fagas de viento, lo que dificult\u00f3 su control en los primeros momentos, sin embargo, gracias a la intervenci\u00f3n de los equipos de emergencia y voluntarios, se logr\u00f3 contener en un 90% de la superficie afectada.<\/p>\n\n\n\n<p>Personal de la Guardia Estatal en coordinaci\u00f3n con bomberos de Protecci\u00f3n Civil Municipal, y voluntarios que facilitaron camiones cisterna trabajan en el siniestro.<\/p>\n","protected":false},"excerpt":{"rendered":"<p>Por: Agencias Jim\u00e9nez, Tamaulipas.- La Guardia Estatal activ\u00f3 el Plan Tamaulipas en Jim\u00e9nez para combatir un incendio forestal en las inmediaciones del Ejido Independencia, donde el fuego ya consumi\u00f3 aproximadamente dos hect\u00e1reas de terreno. El siniestro fue detectado en la carretera que conduce al ejido, por lo que de inmediato se desplegaron unidades de emergencia &hellip;<\/p>\n","protected":false},"author":1,"featured_media":14976,"comment_status":"open","ping_status":"open","sticky":false,"template":"","format":"standard","meta":{"footnotes":""},"categories":[39],"tags":[],"class_list":["post-14975","post","type-post","status-publish","format-standard","has-post-thumbnail","","category-tamaulipas"],"_links":{"self":[{"href":"https:\/\/www.radiointeractivo.com.mx\/index.php?rest_route=\/wp\/v2\/posts\/14975","targetHints":{"allow":["GET"]}}],"collection":[{"href":"https:\/\/www.radiointeractivo.com.mx\/index.php?rest_route=\/wp\/v2\/posts"}],"about":[{"href":"https:\/\/www.radiointeractivo.com.mx\/index.php?rest_route=\/wp\/v2\/types\/post"}],"author":[{"embeddable":true,"href":"https:\/\/www.radiointeractivo.com.mx\/index.php?rest_route=\/wp\/v2\/users\/1"}],"replies":[{"embeddable":true,"href":"https:\/\/www.radiointeractivo.com.mx\/index.php?rest_route=%2Fwp%2Fv2%2Fcomments&post=14975"}],"version-history":[{"count":1,"href":"https:\/\/www.radiointeractivo.com.mx\/index.php?rest_route=\/wp\/v2\/posts\/14975\/revisions"}],"predecessor-version":[{"id":14977,"href":"https:\/\/www.radiointeractivo.com.mx\/index.php?rest_route=\/wp\/v2\/posts\/14975\/revisions\/14977"}],"wp:featuredmedia":[{"embeddable":true,"href":"https:\/\/www.radiointeractivo.com.mx\/index.php?rest_route=\/wp\/v2\/media\/14976"}],"wp:attachment":[{"href":"https:\/\/www.radiointeractivo.com.mx\/index.php?rest_route=%2Fwp%2Fv2%2Fmedia&parent=14975"}],"wp:term":[{"taxonomy":"category","embeddable":true,"href":"https:\/\/www.radiointeractivo.com.mx\/index.php?rest_route=%2Fwp%2Fv2%2Fcategories&post=14975"},{"taxonomy":"post_tag","embeddable":true,"href":"https:\/\/www.radiointeractivo.com.mx\/index.php?rest_route=%2Fwp%2Fv2%2Ftags&post=14975"}],"curies":[{"name":"wp","href":"https:\/\/api.w.org\/{rel}","templated":true}]}}