{"id":1497,"date":"2023-09-06T14:02:11","date_gmt":"2023-09-06T19:02:11","guid":{"rendered":"https:\/\/www.radiointeractivo.com.mx\/?p=1497"},"modified":"2023-09-06T14:02:12","modified_gmt":"2023-09-06T19:02:12","slug":"habra-jornada-de-vacunacion-contra-covid-19-para-adultos-y-ninos","status":"publish","type":"post","link":"https:\/\/www.radiointeractivo.com.mx\/?p=1497","title":{"rendered":"HABR\u00c1 JORNADA DE VACUNACI\u00d3N CONTRA COVID 19 PARA ADULTOS Y NI\u00d1OS"},"content":{"rendered":"\n<p>Por: Staff | #NuevoLaredo #tamaulipas<\/p>\n\n\n\n<p>Este s\u00e1bado 9 de septiembre en horario de las 10:00 AM a la 1:00 PM en las oficinas de Salud Municipal, ubicadas en la esquina de Ju\u00e1rez y Maclovio Herrera, se realizar\u00e1 una jornada de vacunaci\u00f3n contra COVID 19 para adultos y ni\u00f1os a partir de los 6 meses.<\/p>\n\n\n\n<p>Se aplicar\u00e1n primera, segunda y dosis de refuerzos; siendo los requisitos, identificaci\u00f3n oficial para la primera dosis y Esquema de vacunaci\u00f3n Covid 19, para el resto.<\/p>\n","protected":false},"excerpt":{"rendered":"<p>Por: Staff | #NuevoLaredo #tamaulipas Este s\u00e1bado 9 de septiembre en horario de las 10:00 AM a la 1:00 PM en las oficinas de Salud Municipal, ubicadas en la esquina de Ju\u00e1rez y Maclovio Herrera, se realizar\u00e1 una jornada de vacunaci\u00f3n contra COVID 19 para adultos y ni\u00f1os a partir de los 6 meses. Se &hellip;<\/p>\n","protected":false},"author":1,"featured_media":1498,"comment_status":"open","ping_status":"open","sticky":false,"template":"","format":"standard","meta":{"footnotes":""},"categories":[38],"tags":[],"class_list":["post-1497","post","type-post","status-publish","format-standard","has-post-thumbnail","","category-nuevo-laredo"],"_links":{"self":[{"href":"https:\/\/www.radiointeractivo.com.mx\/index.php?rest_route=\/wp\/v2\/posts\/1497","targetHints":{"allow":["GET"]}}],"collection":[{"href":"https:\/\/www.radiointeractivo.com.mx\/index.php?rest_route=\/wp\/v2\/posts"}],"about":[{"href":"https:\/\/www.radiointeractivo.com.mx\/index.php?rest_route=\/wp\/v2\/types\/post"}],"author":[{"embeddable":true,"href":"https:\/\/www.radiointeractivo.com.mx\/index.php?rest_route=\/wp\/v2\/users\/1"}],"replies":[{"embeddable":true,"href":"https:\/\/www.radiointeractivo.com.mx\/index.php?rest_route=%2Fwp%2Fv2%2Fcomments&post=1497"}],"version-history":[{"count":1,"href":"https:\/\/www.radiointeractivo.com.mx\/index.php?rest_route=\/wp\/v2\/posts\/1497\/revisions"}],"predecessor-version":[{"id":1499,"href":"https:\/\/www.radiointeractivo.com.mx\/index.php?rest_route=\/wp\/v2\/posts\/1497\/revisions\/1499"}],"wp:featuredmedia":[{"embeddable":true,"href":"https:\/\/www.radiointeractivo.com.mx\/index.php?rest_route=\/wp\/v2\/media\/1498"}],"wp:attachment":[{"href":"https:\/\/www.radiointeractivo.com.mx\/index.php?rest_route=%2Fwp%2Fv2%2Fmedia&parent=1497"}],"wp:term":[{"taxonomy":"category","embeddable":true,"href":"https:\/\/www.radiointeractivo.com.mx\/index.php?rest_route=%2Fwp%2Fv2%2Fcategories&post=1497"},{"taxonomy":"post_tag","embeddable":true,"href":"https:\/\/www.radiointeractivo.com.mx\/index.php?rest_route=%2Fwp%2Fv2%2Ftags&post=1497"}],"curies":[{"name":"wp","href":"https:\/\/api.w.org\/{rel}","templated":true}]}}