{"id":14902,"date":"2025-03-13T22:50:35","date_gmt":"2025-03-14T03:50:35","guid":{"rendered":"https:\/\/www.radiointeractivo.com.mx\/?p=14902"},"modified":"2025-03-13T22:50:37","modified_gmt":"2025-03-14T03:50:37","slug":"presenta-ninfa-cantu-programa-tamaulipas-exporta-para-apoyar-a-mipymes","status":"publish","type":"post","link":"https:\/\/www.radiointeractivo.com.mx\/?p=14902","title":{"rendered":"Presenta Ninfa Cant\u00fa programa &#8220;Tamaulipas Exporta&#8221; para apoyar a MiPYMEs"},"content":{"rendered":"\n<figure class=\"wp-block-image size-large\"><img loading=\"lazy\" decoding=\"async\" width=\"1024\" height=\"684\" src=\"https:\/\/www.radiointeractivo.com.mx\/wp-content\/uploads\/2025\/03\/WhatsApp-Image-2025-03-13-at-7.23.33-PM-1024x684.jpeg\" alt=\"\" class=\"wp-image-14903\" srcset=\"https:\/\/www.radiointeractivo.com.mx\/wp-content\/uploads\/2025\/03\/WhatsApp-Image-2025-03-13-at-7.23.33-PM-1024x684.jpeg 1024w, https:\/\/www.radiointeractivo.com.mx\/wp-content\/uploads\/2025\/03\/WhatsApp-Image-2025-03-13-at-7.23.33-PM-300x200.jpeg 300w, https:\/\/www.radiointeractivo.com.mx\/wp-content\/uploads\/2025\/03\/WhatsApp-Image-2025-03-13-at-7.23.33-PM-768x513.jpeg 768w, https:\/\/www.radiointeractivo.com.mx\/wp-content\/uploads\/2025\/03\/WhatsApp-Image-2025-03-13-at-7.23.33-PM.jpeg 1500w\" sizes=\"auto, (max-width: 1024px) 100vw, 1024px\" \/><\/figure>\n\n\n\n<p>-Asisten los presidentes municipales de Tampico, M\u00f3nica Villarreal; de Cd. Madero, Erasmo Gonz\u00e1lez y l\u00edderes empresariales del sur del estado<\/p>\n\n\n\n<p>Por: Agencias<\/p>\n\n\n\n<p>Altamira, Tamaulipas.- La secretaria de Econom\u00eda, Ninfa Cant\u00fa De\u00e1ndar, present\u00f3 en Altamira el programa &#8220;Tamaulipas Exporta&#8221;, dise\u00f1ado para abrir mercados internacionales a las empresas tamaulipecas y desarrollar su capacidad exportadora, como parte de la estrategia para fortalecer el mercado interno<\/p>\n\n\n\n<p>El evento celebrado en las instalaciones del Instituto de Estudios Superiores de Tamaulipas, IEST An\u00e1huac, cont\u00f3 con la presencia de la presidenta municipal de Tampico, M\u00f3nica Villarreal; el presidente municipal de Ciudad Madero, Erasmo Gonz\u00e1lez; as\u00ed como l\u00edderes y representantes de organizaciones empresariales del sur de Tamaulipas.<\/p>\n\n\n\n<p>En su mensaje, la secretaria Cant\u00fa De\u00e1ndar destac\u00f3 la importancia de fortalecer el papel de las peque\u00f1as y medianas empresas en el comercio exterior, para que aprovechen las ventajas competitivas de Tamaulipas como plataforma log\u00edstica de M\u00e9xico<\/p>\n\n\n\n<p>&#8220;El gobernador del estado, Am\u00e9rico Villarreal Anaya, nos ha encomendado una tarea muy clara: mantener un di\u00e1logo permanente con el sector empresarial y trabajar en conjunto para ofrecerles todas las herramientas de pol\u00edtica p\u00fablica que permitan consolidar la competitividad de Tamaulipas en el mundo&#8221;.<\/p>\n","protected":false},"excerpt":{"rendered":"<p>-Asisten los presidentes municipales de Tampico, M\u00f3nica Villarreal; de Cd. Madero, Erasmo Gonz\u00e1lez y l\u00edderes empresariales del sur del estado Por: Agencias Altamira, Tamaulipas.- La secretaria de Econom\u00eda, Ninfa Cant\u00fa De\u00e1ndar, present\u00f3 en Altamira el programa &#8220;Tamaulipas Exporta&#8221;, dise\u00f1ado para abrir mercados internacionales a las empresas tamaulipecas y desarrollar su capacidad exportadora, como parte de &hellip;<\/p>\n","protected":false},"author":1,"featured_media":14903,"comment_status":"open","ping_status":"open","sticky":false,"template":"","format":"standard","meta":{"footnotes":""},"categories":[39],"tags":[],"class_list":["post-14902","post","type-post","status-publish","format-standard","has-post-thumbnail","","category-tamaulipas"],"_links":{"self":[{"href":"https:\/\/www.radiointeractivo.com.mx\/index.php?rest_route=\/wp\/v2\/posts\/14902","targetHints":{"allow":["GET"]}}],"collection":[{"href":"https:\/\/www.radiointeractivo.com.mx\/index.php?rest_route=\/wp\/v2\/posts"}],"about":[{"href":"https:\/\/www.radiointeractivo.com.mx\/index.php?rest_route=\/wp\/v2\/types\/post"}],"author":[{"embeddable":true,"href":"https:\/\/www.radiointeractivo.com.mx\/index.php?rest_route=\/wp\/v2\/users\/1"}],"replies":[{"embeddable":true,"href":"https:\/\/www.radiointeractivo.com.mx\/index.php?rest_route=%2Fwp%2Fv2%2Fcomments&post=14902"}],"version-history":[{"count":1,"href":"https:\/\/www.radiointeractivo.com.mx\/index.php?rest_route=\/wp\/v2\/posts\/14902\/revisions"}],"predecessor-version":[{"id":14904,"href":"https:\/\/www.radiointeractivo.com.mx\/index.php?rest_route=\/wp\/v2\/posts\/14902\/revisions\/14904"}],"wp:featuredmedia":[{"embeddable":true,"href":"https:\/\/www.radiointeractivo.com.mx\/index.php?rest_route=\/wp\/v2\/media\/14903"}],"wp:attachment":[{"href":"https:\/\/www.radiointeractivo.com.mx\/index.php?rest_route=%2Fwp%2Fv2%2Fmedia&parent=14902"}],"wp:term":[{"taxonomy":"category","embeddable":true,"href":"https:\/\/www.radiointeractivo.com.mx\/index.php?rest_route=%2Fwp%2Fv2%2Fcategories&post=14902"},{"taxonomy":"post_tag","embeddable":true,"href":"https:\/\/www.radiointeractivo.com.mx\/index.php?rest_route=%2Fwp%2Fv2%2Ftags&post=14902"}],"curies":[{"name":"wp","href":"https:\/\/api.w.org\/{rel}","templated":true}]}}