{"id":14896,"date":"2025-03-13T16:45:02","date_gmt":"2025-03-13T21:45:02","guid":{"rendered":"https:\/\/www.radiointeractivo.com.mx\/?p=14896"},"modified":"2025-03-13T16:45:03","modified_gmt":"2025-03-13T21:45:03","slug":"participa-dif-tamaulipas-con-el-registro-de-peso-y-talla-durante-jornadas-de-salud-escolar","status":"publish","type":"post","link":"https:\/\/www.radiointeractivo.com.mx\/?p=14896","title":{"rendered":"Participa DIF Tamaulipas con el registro de peso y talla durante Jornadas de Salud Escolar"},"content":{"rendered":"\n<figure class=\"wp-block-image size-large\"><img loading=\"lazy\" decoding=\"async\" width=\"1024\" height=\"682\" src=\"https:\/\/www.radiointeractivo.com.mx\/wp-content\/uploads\/2025\/03\/WhatsApp-Image-2025-03-13-at-2.50.13-PM-1024x682.jpeg\" alt=\"\" class=\"wp-image-14897\" srcset=\"https:\/\/www.radiointeractivo.com.mx\/wp-content\/uploads\/2025\/03\/WhatsApp-Image-2025-03-13-at-2.50.13-PM-1024x682.jpeg 1024w, https:\/\/www.radiointeractivo.com.mx\/wp-content\/uploads\/2025\/03\/WhatsApp-Image-2025-03-13-at-2.50.13-PM-300x200.jpeg 300w, https:\/\/www.radiointeractivo.com.mx\/wp-content\/uploads\/2025\/03\/WhatsApp-Image-2025-03-13-at-2.50.13-PM-768x512.jpeg 768w, https:\/\/www.radiointeractivo.com.mx\/wp-content\/uploads\/2025\/03\/WhatsApp-Image-2025-03-13-at-2.50.13-PM-1536x1023.jpeg 1536w, https:\/\/www.radiointeractivo.com.mx\/wp-content\/uploads\/2025\/03\/WhatsApp-Image-2025-03-13-at-2.50.13-PM-310x205.jpeg 310w, https:\/\/www.radiointeractivo.com.mx\/wp-content\/uploads\/2025\/03\/WhatsApp-Image-2025-03-13-at-2.50.13-PM.jpeg 1600w\" sizes=\"auto, (max-width: 1024px) 100vw, 1024px\" \/><\/figure>\n\n\n\n<p>-Especialistas del DIF estatal, personal de los sistemas municipales y v\u00ednculos en los 43 municipios son los responsables de medir el peso y la talla de los estudiantes durante las Jornadas de Salud Escolar<\/p>\n\n\n\n<p>Por: Agencias<\/p>\n\n\n\n<p>Ciudad Victoria, Tamaulipas.- El Sistema para el Desarrollo Integral de la Familia de Tamaulipas, presidido por la doctora Mar\u00eda de Villarreal, colabora con la Secretar\u00eda de Salud, la Secretar\u00eda de Educaci\u00f3n y el Instituto Mexicano del Seguro Social en las Jornadas de Salud Escolar &#8220;Vive Saludable, Vive Feliz\u201d.<\/p>\n\n\n\n<p>Durante el arranque de las jornadas, la doctora Mar\u00eda de Villarreal explic\u00f3 a los maestros, padres y alumnos de la escuela primaria Felipe Pescador la importancia de este programa, resaltando la necesidad de cuidar la salud visual, dental y nutricional desde temprana edad para prevenir problemas futuros y asegurar una vida plena y feliz.<\/p>\n\n\n\n<p>\u201cLo m\u00e1s importante con este programa es que podamos ver si necesitan lentes para leer o para ver de lejos, si traen alguna caries, si no comen bien y les puede doler su est\u00f3mago, o se sienten cansados y tristes porque no comen bien. Todo eso puede hacernos sentir mal, entonces lo que vamos a hacer es aprender a cuidarnos\u201d, dijo Mar\u00eda de Villarreal a los alumnos, padres de familia y maestros.<\/p>\n\n\n\n<p>Agreg\u00f3 que con las Jornadas de Salud Escolar, \u201cvamos a medir c\u00f3mo est\u00e1n ustedes y que aprendan a cuidarse, porque queremos que lleguen a ser adultos en las mejores condiciones, que disfruten su vida y vivan felices\u201d, finaliz\u00f3.<\/p>\n\n\n\n<p>DIF estatal contribuye a los objetivos de la estrategia y de las jornadas con el registro de peso y talla de m\u00e1s de 315 mil alumnos que estudian en 2 mil 094 escuelas de Tamaulipas, privilegiando la prevenci\u00f3n de la salud, la evaluaci\u00f3n de la misma y la promoci\u00f3n de h\u00e1bitos saludables.<\/p>\n","protected":false},"excerpt":{"rendered":"<p>-Especialistas del DIF estatal, personal de los sistemas municipales y v\u00ednculos en los 43 municipios son los responsables de medir el peso y la talla de los estudiantes durante las Jornadas de Salud Escolar Por: Agencias Ciudad Victoria, Tamaulipas.- El Sistema para el Desarrollo Integral de la Familia de Tamaulipas, presidido por la doctora Mar\u00eda &hellip;<\/p>\n","protected":false},"author":1,"featured_media":14897,"comment_status":"open","ping_status":"open","sticky":false,"template":"","format":"standard","meta":{"footnotes":""},"categories":[39],"tags":[],"class_list":["post-14896","post","type-post","status-publish","format-standard","has-post-thumbnail","","category-tamaulipas"],"_links":{"self":[{"href":"https:\/\/www.radiointeractivo.com.mx\/index.php?rest_route=\/wp\/v2\/posts\/14896","targetHints":{"allow":["GET"]}}],"collection":[{"href":"https:\/\/www.radiointeractivo.com.mx\/index.php?rest_route=\/wp\/v2\/posts"}],"about":[{"href":"https:\/\/www.radiointeractivo.com.mx\/index.php?rest_route=\/wp\/v2\/types\/post"}],"author":[{"embeddable":true,"href":"https:\/\/www.radiointeractivo.com.mx\/index.php?rest_route=\/wp\/v2\/users\/1"}],"replies":[{"embeddable":true,"href":"https:\/\/www.radiointeractivo.com.mx\/index.php?rest_route=%2Fwp%2Fv2%2Fcomments&post=14896"}],"version-history":[{"count":1,"href":"https:\/\/www.radiointeractivo.com.mx\/index.php?rest_route=\/wp\/v2\/posts\/14896\/revisions"}],"predecessor-version":[{"id":14898,"href":"https:\/\/www.radiointeractivo.com.mx\/index.php?rest_route=\/wp\/v2\/posts\/14896\/revisions\/14898"}],"wp:featuredmedia":[{"embeddable":true,"href":"https:\/\/www.radiointeractivo.com.mx\/index.php?rest_route=\/wp\/v2\/media\/14897"}],"wp:attachment":[{"href":"https:\/\/www.radiointeractivo.com.mx\/index.php?rest_route=%2Fwp%2Fv2%2Fmedia&parent=14896"}],"wp:term":[{"taxonomy":"category","embeddable":true,"href":"https:\/\/www.radiointeractivo.com.mx\/index.php?rest_route=%2Fwp%2Fv2%2Fcategories&post=14896"},{"taxonomy":"post_tag","embeddable":true,"href":"https:\/\/www.radiointeractivo.com.mx\/index.php?rest_route=%2Fwp%2Fv2%2Ftags&post=14896"}],"curies":[{"name":"wp","href":"https:\/\/api.w.org\/{rel}","templated":true}]}}