{"id":14884,"date":"2025-03-13T16:35:12","date_gmt":"2025-03-13T21:35:12","guid":{"rendered":"https:\/\/www.radiointeractivo.com.mx\/?p=14884"},"modified":"2025-03-13T16:35:13","modified_gmt":"2025-03-13T21:35:13","slug":"capacita-sebien-a-las-asociaciones-civiles","status":"publish","type":"post","link":"https:\/\/www.radiointeractivo.com.mx\/?p=14884","title":{"rendered":"Capacita SEBIEN a las asociaciones civiles"},"content":{"rendered":"\n<figure class=\"wp-block-image size-large\"><img loading=\"lazy\" decoding=\"async\" width=\"1024\" height=\"600\" src=\"https:\/\/www.radiointeractivo.com.mx\/wp-content\/uploads\/2025\/03\/WhatsApp-Image-2025-03-12-at-6.19.35-PM-1024x600.jpeg\" alt=\"\" class=\"wp-image-14885\" srcset=\"https:\/\/www.radiointeractivo.com.mx\/wp-content\/uploads\/2025\/03\/WhatsApp-Image-2025-03-12-at-6.19.35-PM-1024x600.jpeg 1024w, https:\/\/www.radiointeractivo.com.mx\/wp-content\/uploads\/2025\/03\/WhatsApp-Image-2025-03-12-at-6.19.35-PM-300x176.jpeg 300w, https:\/\/www.radiointeractivo.com.mx\/wp-content\/uploads\/2025\/03\/WhatsApp-Image-2025-03-12-at-6.19.35-PM-768x450.jpeg 768w, https:\/\/www.radiointeractivo.com.mx\/wp-content\/uploads\/2025\/03\/WhatsApp-Image-2025-03-12-at-6.19.35-PM.jpeg 1129w\" sizes=\"auto, (max-width: 1024px) 100vw, 1024px\" \/><\/figure>\n\n\n\n<p>-Con la finalidad de proporcionar herramientas para la generaci\u00f3n de apoyo en proyectos con impacto social<\/p>\n\n\n\n<p>Por: Agencias<\/p>\n\n\n\n<p>Ciudad Victoria, Tamaulipas.- La Secretar\u00eda de Bienestar Social, a trav\u00e9s de la Subsecretar\u00eda de Derechos Humanos y Articulaci\u00f3n Social, y mediante la Coordinaci\u00f3n de Articulaci\u00f3n Ciudadana, llev\u00f3 a cabo el conversatorio \u201cProcuraci\u00f3n de Fondos\u201d, en coordinaci\u00f3n con el Instituto del Deporte de Tamaulipas.<\/p>\n\n\n\n<p>Este taller, impartido por el coordinador de Articulaci\u00f3n Ciudadana, Jos\u00e9 Alejandro Ibarra G\u00f3mez, tuvo como objetivo proporcionar herramientas clave para la generaci\u00f3n de apoyo econ\u00f3mico en proyectos con impacto social.<\/p>\n\n\n\n<p>Durante el evento, se brindaron estrategias esenciales para que los participantes aprendieran a crear conciencia sobre la misi\u00f3n de sus organizaciones, fortalecer la confianza de posibles donantes y motivarlos a contribuir activamente.<\/p>\n\n\n\n<p>Asimismo, se destac\u00f3 la importancia de establecer relaciones a largo plazo con las y los donantes, asegurando su involucramiento significativo y su compromiso continuo con las causas que apoyan.<\/p>\n\n\n\n<p>La Secretar\u00eda de Bienestar Social reafirma su compromiso de impulsar iniciativas que fortalezcan la vinculaci\u00f3n ciudadana y la sostenibilidad de proyectos sociales, en l\u00ednea con la visi\u00f3n humanista del gobernador Am\u00e9rico Villarreal Anaya.<\/p>\n","protected":false},"excerpt":{"rendered":"<p>-Con la finalidad de proporcionar herramientas para la generaci\u00f3n de apoyo en proyectos con impacto social Por: Agencias Ciudad Victoria, Tamaulipas.- La Secretar\u00eda de Bienestar Social, a trav\u00e9s de la Subsecretar\u00eda de Derechos Humanos y Articulaci\u00f3n Social, y mediante la Coordinaci\u00f3n de Articulaci\u00f3n Ciudadana, llev\u00f3 a cabo el conversatorio \u201cProcuraci\u00f3n de Fondos\u201d, en coordinaci\u00f3n con &hellip;<\/p>\n","protected":false},"author":1,"featured_media":14885,"comment_status":"open","ping_status":"open","sticky":false,"template":"","format":"standard","meta":{"footnotes":""},"categories":[39],"tags":[],"class_list":["post-14884","post","type-post","status-publish","format-standard","has-post-thumbnail","","category-tamaulipas"],"_links":{"self":[{"href":"https:\/\/www.radiointeractivo.com.mx\/index.php?rest_route=\/wp\/v2\/posts\/14884","targetHints":{"allow":["GET"]}}],"collection":[{"href":"https:\/\/www.radiointeractivo.com.mx\/index.php?rest_route=\/wp\/v2\/posts"}],"about":[{"href":"https:\/\/www.radiointeractivo.com.mx\/index.php?rest_route=\/wp\/v2\/types\/post"}],"author":[{"embeddable":true,"href":"https:\/\/www.radiointeractivo.com.mx\/index.php?rest_route=\/wp\/v2\/users\/1"}],"replies":[{"embeddable":true,"href":"https:\/\/www.radiointeractivo.com.mx\/index.php?rest_route=%2Fwp%2Fv2%2Fcomments&post=14884"}],"version-history":[{"count":1,"href":"https:\/\/www.radiointeractivo.com.mx\/index.php?rest_route=\/wp\/v2\/posts\/14884\/revisions"}],"predecessor-version":[{"id":14886,"href":"https:\/\/www.radiointeractivo.com.mx\/index.php?rest_route=\/wp\/v2\/posts\/14884\/revisions\/14886"}],"wp:featuredmedia":[{"embeddable":true,"href":"https:\/\/www.radiointeractivo.com.mx\/index.php?rest_route=\/wp\/v2\/media\/14885"}],"wp:attachment":[{"href":"https:\/\/www.radiointeractivo.com.mx\/index.php?rest_route=%2Fwp%2Fv2%2Fmedia&parent=14884"}],"wp:term":[{"taxonomy":"category","embeddable":true,"href":"https:\/\/www.radiointeractivo.com.mx\/index.php?rest_route=%2Fwp%2Fv2%2Fcategories&post=14884"},{"taxonomy":"post_tag","embeddable":true,"href":"https:\/\/www.radiointeractivo.com.mx\/index.php?rest_route=%2Fwp%2Fv2%2Ftags&post=14884"}],"curies":[{"name":"wp","href":"https:\/\/api.w.org\/{rel}","templated":true}]}}