{"id":1487,"date":"2023-09-06T11:29:06","date_gmt":"2023-09-06T16:29:06","guid":{"rendered":"https:\/\/www.radiointeractivo.com.mx\/?p=1487"},"modified":"2023-09-06T11:29:07","modified_gmt":"2023-09-06T16:29:07","slug":"secretaria-del-trabajo-se-reune-con-el-consejo-coordinador-empresarial-de-reynosa","status":"publish","type":"post","link":"https:\/\/www.radiointeractivo.com.mx\/?p=1487","title":{"rendered":"Secretaria del Trabajo se re\u00fane con el Consejo Coordinador Empresarial de Reynosa"},"content":{"rendered":"\n<p>-Fortalecer la alianza entre empresarios, trabajadores y gobierno: Olga Sosa Ru\u00edz<\/p>\n\n\n\n<p>Por: Agencias <\/p>\n\n\n\n<p>Reynosa, Tamaulipas.- La secretaria del Trabajo y Previsi\u00f3n Social de Tamaulipas presidi\u00f3 una reuni\u00f3n con l\u00edderes empresariales de esta ciudad, para impulsar el empleo y la paz laboral que se vive desde la administraci\u00f3n del gobernador Am\u00e9rico Villarreal Anaya, sumando esfuerzos a trav\u00e9s de una alianza colaborativa entre ambas partes.<\/p>\n\n\n\n<p>Olga Patricia Sosa Ru\u00edz sostuvo que existen las condiciones propicias para la generaci\u00f3n de empleos, as\u00ed como una constante comunicaci\u00f3n que da certidumbre a las trabajadoras y los trabajadores en el respeto a los derechos laborales, y con el sector empresarial, la confianza para fomentar inversiones que contribuyan al dinamismo laboral y econ\u00f3mico de la ciudad.<\/p>\n\n\n\n<p>&#8220;Es para m\u00ed un honor compartirles el mensaje del se\u00f1or gobernador Am\u00e9rico Villarreal Anaya, que tiene el principal inter\u00e9s de que todas y todos los empresarios de Reynosa se sientan arropados por esta administraci\u00f3n humanista, donde todos vamos de la mano por el bien de Tamaulipas&#8221;, dijo.<\/p>\n\n\n\n<p>Olga Sosa hizo un recuento de los indicadores laborales durante los primeros 11 meses de trabajo al frente de esta dependencia estatal, y de las acciones que han sentado las bases para que Tamaulipas goce de armon\u00eda y paz laboral, lo que es producto de una alianza entre empresas y gobierno, pues en el caso espec\u00edfico de Reynosa se cuenta con 242 mil 313 empleos registrados ante el IMSS, lo que es un reflejo de la importancia econ\u00f3mica de esta gran ciudad.<\/p>\n\n\n\n<p>Destac\u00f3 los avances en materia de conciliaci\u00f3n laboral donde 8 de cada diez personas prefieren conciliar, el abatimiento al rezago de 27 mil a 18 mil casos hasta el momento, el impulso al trabajo con el SNE y las ferias del empleo, as\u00ed como la labor incluyente de las juventudes a trav\u00e9s del INJUVE y la iniciativa Mercado Joven.<\/p>\n\n\n\n<p>La secretaria inform\u00f3 que este trabajo se ha realizado gracias al apoyo del mandatario estatal, quien ha girado la instrucci\u00f3n para que se mantenga una pol\u00edtica de puertas abiertas con toda la clase empresarial, de ah\u00ed estos ejercicios de retroalimentaci\u00f3n mutua que permiten enriquecer la agenda pol\u00edtica, donde todas las voces tienen cabida como parte de la transformaci\u00f3n en Tamaulipas.<\/p>\n\n\n\n<p>A esta reuni\u00f3n de trabajo asisti\u00f3 tambi\u00e9n el subsecretario de Empleo y Previsi\u00f3n Social, Abelardo Flores Mendoza, y junto a la secretaria del Trabajo mantuvieron este di\u00e1logo con Uriel Ord\u00f3\u00f1ez de la Asociaci\u00f3n de Transportistas de Reynosa, Abraham Sosa de Canacar, Gildardo L\u00f3pez Hinojosa de la C\u00e1mara de Comercio, Omar Elizondo de la Asociaci\u00f3n de Hoteles, Valentina L\u00f3pez de COPARMEX y Guillermo Acebo de CMIC, entre otros asistentes, que hicieron un reconocimiento a la labor realizada por la Secretar\u00eda del Trabajo y manifestaron su disposici\u00f3n para trabajar de la mano impulsando el empleo digno, con respeto a los derechos laborales en esta ciudad fronteriza.<\/p>\n","protected":false},"excerpt":{"rendered":"<p>-Fortalecer la alianza entre empresarios, trabajadores y gobierno: Olga Sosa Ru\u00edz Por: Agencias Reynosa, Tamaulipas.- La secretaria del Trabajo y Previsi\u00f3n Social de Tamaulipas presidi\u00f3 una reuni\u00f3n con l\u00edderes empresariales de esta ciudad, para impulsar el empleo y la paz laboral que se vive desde la administraci\u00f3n del gobernador Am\u00e9rico Villarreal Anaya, sumando esfuerzos a &hellip;<\/p>\n","protected":false},"author":1,"featured_media":1488,"comment_status":"open","ping_status":"open","sticky":false,"template":"","format":"standard","meta":{"footnotes":""},"categories":[39],"tags":[],"class_list":["post-1487","post","type-post","status-publish","format-standard","has-post-thumbnail","","category-tamaulipas"],"_links":{"self":[{"href":"https:\/\/www.radiointeractivo.com.mx\/index.php?rest_route=\/wp\/v2\/posts\/1487","targetHints":{"allow":["GET"]}}],"collection":[{"href":"https:\/\/www.radiointeractivo.com.mx\/index.php?rest_route=\/wp\/v2\/posts"}],"about":[{"href":"https:\/\/www.radiointeractivo.com.mx\/index.php?rest_route=\/wp\/v2\/types\/post"}],"author":[{"embeddable":true,"href":"https:\/\/www.radiointeractivo.com.mx\/index.php?rest_route=\/wp\/v2\/users\/1"}],"replies":[{"embeddable":true,"href":"https:\/\/www.radiointeractivo.com.mx\/index.php?rest_route=%2Fwp%2Fv2%2Fcomments&post=1487"}],"version-history":[{"count":1,"href":"https:\/\/www.radiointeractivo.com.mx\/index.php?rest_route=\/wp\/v2\/posts\/1487\/revisions"}],"predecessor-version":[{"id":1489,"href":"https:\/\/www.radiointeractivo.com.mx\/index.php?rest_route=\/wp\/v2\/posts\/1487\/revisions\/1489"}],"wp:featuredmedia":[{"embeddable":true,"href":"https:\/\/www.radiointeractivo.com.mx\/index.php?rest_route=\/wp\/v2\/media\/1488"}],"wp:attachment":[{"href":"https:\/\/www.radiointeractivo.com.mx\/index.php?rest_route=%2Fwp%2Fv2%2Fmedia&parent=1487"}],"wp:term":[{"taxonomy":"category","embeddable":true,"href":"https:\/\/www.radiointeractivo.com.mx\/index.php?rest_route=%2Fwp%2Fv2%2Fcategories&post=1487"},{"taxonomy":"post_tag","embeddable":true,"href":"https:\/\/www.radiointeractivo.com.mx\/index.php?rest_route=%2Fwp%2Fv2%2Ftags&post=1487"}],"curies":[{"name":"wp","href":"https:\/\/api.w.org\/{rel}","templated":true}]}}