{"id":14869,"date":"2025-03-13T13:46:11","date_gmt":"2025-03-13T18:46:11","guid":{"rendered":"https:\/\/www.radiointeractivo.com.mx\/?p=14869"},"modified":"2025-03-13T13:46:12","modified_gmt":"2025-03-13T18:46:12","slug":"por-primera-vez-las-y-los-maestros-de-diaz-ordaz-recibiran-bono-municipal","status":"publish","type":"post","link":"https:\/\/www.radiointeractivo.com.mx\/?p=14869","title":{"rendered":"Por primera vez las y los maestros de D\u00edaz Ordaz recibir\u00e1n Bono Municipal"},"content":{"rendered":"\n<figure class=\"wp-block-image size-full\"><img loading=\"lazy\" decoding=\"async\" width=\"925\" height=\"701\" src=\"https:\/\/www.radiointeractivo.com.mx\/wp-content\/uploads\/2025\/03\/WhatsApp-Image-2025-03-13-at-1.34.20-PM.jpg\" alt=\"\" class=\"wp-image-14870\" srcset=\"https:\/\/www.radiointeractivo.com.mx\/wp-content\/uploads\/2025\/03\/WhatsApp-Image-2025-03-13-at-1.34.20-PM.jpg 925w, https:\/\/www.radiointeractivo.com.mx\/wp-content\/uploads\/2025\/03\/WhatsApp-Image-2025-03-13-at-1.34.20-PM-300x227.jpg 300w, https:\/\/www.radiointeractivo.com.mx\/wp-content\/uploads\/2025\/03\/WhatsApp-Image-2025-03-13-at-1.34.20-PM-768x582.jpg 768w\" sizes=\"auto, (max-width: 925px) 100vw, 925px\" \/><\/figure>\n\n\n\n<p>Por: Staff | #DiazOrdaz #Valadeces #Tamaulipas<\/p>\n\n\n\n<p>Gustavo D\u00edaz Ordaz, Tam.- Por primera vez en la historia del municipio, los maestros, administrativos, personal de apoyo de las instituciones educativas y maestros jubilados ser\u00e1n reconocidos con el Bono Municipal del D\u00eda del Maestro y la Maestra 2025, un incentivo econ\u00f3mico que destaca su incansable labor en la formaci\u00f3n de las nuevas generaciones.<\/p>\n\n\n\n<p>Este beneficio, impulsado por la Alcaldesa Nataly Garc\u00eda D\u00edaz, fue aprobado por unanimidad en la d\u00e9cima sesi\u00f3n de Cabildo, marcando un hito en el respaldo al magisterio de D\u00edaz Ordaz. La entrega de este bono refleja un compromiso claro y firme con la educaci\u00f3n, reconociendo el esfuerzo, la dedicaci\u00f3n y la vocaci\u00f3n de servicio de quienes diariamente trabajan por el desarrollo acad\u00e9mico de los alumnos del municipio.<\/p>\n\n\n\n<p>\u201cNuestros maestros son la base del desarrollo de nuestra sociedad. No basta con reconocer su esfuerzo con palabras, es necesario respaldarlos con acciones. Este bono es una muestra de que en D\u00edaz Ordaz s\u00ed valoramos su labor y que su trabajo no pasa desapercibido\u201d, expres\u00f3 la alcaldesa Nataly Garc\u00eda D\u00edaz.<\/p>\n\n\n\n<p>La entrega de este bono se realizar\u00e1 en el marco de la celebraci\u00f3n del D\u00eda del Maestro, en mayo, consolidando un precedente sin igual en la historia de D\u00edaz Ordaz y estableciendo una nueva era de apoyo y reconocimiento para el sector educativo del municipio.<\/p>\n","protected":false},"excerpt":{"rendered":"<p>Por: Staff | #DiazOrdaz #Valadeces #Tamaulipas Gustavo D\u00edaz Ordaz, Tam.- Por primera vez en la historia del municipio, los maestros, administrativos, personal de apoyo de las instituciones educativas y maestros jubilados ser\u00e1n reconocidos con el Bono Municipal del D\u00eda del Maestro y la Maestra 2025, un incentivo econ\u00f3mico que destaca su incansable labor en la &hellip;<\/p>\n","protected":false},"author":1,"featured_media":14870,"comment_status":"open","ping_status":"open","sticky":false,"template":"","format":"standard","meta":{"footnotes":""},"categories":[39],"tags":[],"class_list":["post-14869","post","type-post","status-publish","format-standard","has-post-thumbnail","","category-tamaulipas"],"_links":{"self":[{"href":"https:\/\/www.radiointeractivo.com.mx\/index.php?rest_route=\/wp\/v2\/posts\/14869","targetHints":{"allow":["GET"]}}],"collection":[{"href":"https:\/\/www.radiointeractivo.com.mx\/index.php?rest_route=\/wp\/v2\/posts"}],"about":[{"href":"https:\/\/www.radiointeractivo.com.mx\/index.php?rest_route=\/wp\/v2\/types\/post"}],"author":[{"embeddable":true,"href":"https:\/\/www.radiointeractivo.com.mx\/index.php?rest_route=\/wp\/v2\/users\/1"}],"replies":[{"embeddable":true,"href":"https:\/\/www.radiointeractivo.com.mx\/index.php?rest_route=%2Fwp%2Fv2%2Fcomments&post=14869"}],"version-history":[{"count":1,"href":"https:\/\/www.radiointeractivo.com.mx\/index.php?rest_route=\/wp\/v2\/posts\/14869\/revisions"}],"predecessor-version":[{"id":14871,"href":"https:\/\/www.radiointeractivo.com.mx\/index.php?rest_route=\/wp\/v2\/posts\/14869\/revisions\/14871"}],"wp:featuredmedia":[{"embeddable":true,"href":"https:\/\/www.radiointeractivo.com.mx\/index.php?rest_route=\/wp\/v2\/media\/14870"}],"wp:attachment":[{"href":"https:\/\/www.radiointeractivo.com.mx\/index.php?rest_route=%2Fwp%2Fv2%2Fmedia&parent=14869"}],"wp:term":[{"taxonomy":"category","embeddable":true,"href":"https:\/\/www.radiointeractivo.com.mx\/index.php?rest_route=%2Fwp%2Fv2%2Fcategories&post=14869"},{"taxonomy":"post_tag","embeddable":true,"href":"https:\/\/www.radiointeractivo.com.mx\/index.php?rest_route=%2Fwp%2Fv2%2Ftags&post=14869"}],"curies":[{"name":"wp","href":"https:\/\/api.w.org\/{rel}","templated":true}]}}