{"id":14865,"date":"2025-03-12T16:50:27","date_gmt":"2025-03-12T21:50:27","guid":{"rendered":"https:\/\/www.radiointeractivo.com.mx\/?p=14865"},"modified":"2025-03-12T16:50:29","modified_gmt":"2025-03-12T21:50:29","slug":"en-obras-publicas-toman-protesta-a-integrantes-del-cocodi","status":"publish","type":"post","link":"https:\/\/www.radiointeractivo.com.mx\/?p=14865","title":{"rendered":"En Obras P\u00fablicas, toman protesta a integrantes del COCODI"},"content":{"rendered":"\n<figure class=\"wp-block-image size-large\"><img loading=\"lazy\" decoding=\"async\" width=\"1024\" height=\"682\" src=\"https:\/\/www.radiointeractivo.com.mx\/wp-content\/uploads\/2025\/03\/WhatsApp-Image-2025-03-12-at-4.21.18-PM-1024x682.jpeg\" alt=\"\" class=\"wp-image-14866\" srcset=\"https:\/\/www.radiointeractivo.com.mx\/wp-content\/uploads\/2025\/03\/WhatsApp-Image-2025-03-12-at-4.21.18-PM-1024x682.jpeg 1024w, https:\/\/www.radiointeractivo.com.mx\/wp-content\/uploads\/2025\/03\/WhatsApp-Image-2025-03-12-at-4.21.18-PM-300x200.jpeg 300w, https:\/\/www.radiointeractivo.com.mx\/wp-content\/uploads\/2025\/03\/WhatsApp-Image-2025-03-12-at-4.21.18-PM-768x512.jpeg 768w, https:\/\/www.radiointeractivo.com.mx\/wp-content\/uploads\/2025\/03\/WhatsApp-Image-2025-03-12-at-4.21.18-PM-1536x1023.jpeg 1536w, https:\/\/www.radiointeractivo.com.mx\/wp-content\/uploads\/2025\/03\/WhatsApp-Image-2025-03-12-at-4.21.18-PM-310x205.jpeg 310w, https:\/\/www.radiointeractivo.com.mx\/wp-content\/uploads\/2025\/03\/WhatsApp-Image-2025-03-12-at-4.21.18-PM.jpeg 1600w\" sizes=\"auto, (max-width: 1024px) 100vw, 1024px\" \/><\/figure>\n\n\n\n<p>Por: Agencias<\/p>\n\n\n\n<p>Ciudad Victoria, Tamaulipas. &#8211; En la Secretar\u00eda de Obras P\u00fablicas (SOP) del Gobierno del Estado, se celebr\u00f3 la primera sesi\u00f3n ordinaria del Comit\u00e9 de Control y Desempe\u00f1o Institucional (COCODI) en la que se tom\u00f3 protesta a las y los nuevos integrantes del citado organismo.<\/p>\n\n\n\n<p>Pedro Cepeda Anaya, titular de la SOP, encabez\u00f3 la reuni\u00f3n donde tom\u00f3 protesta a sus integrantes como presidente del COCODI en esta dependencia gubernamental.<\/p>\n\n\n\n<p>Con estas acciones, la Secretar\u00eda de Obras P\u00fablicas integra su comit\u00e9 el cual tiene la finalidad de fortalecer los sistemas de control Interno dentro de la SOP, para el cumplimiento de objetivos institucionales, garantizando una gesti\u00f3n eficiente, transparente y orientada a resultados, mediante la prevenci\u00f3n de riesgos administrativos y de corrupci\u00f3n.<\/p>\n","protected":false},"excerpt":{"rendered":"<p>Por: Agencias Ciudad Victoria, Tamaulipas. &#8211; En la Secretar\u00eda de Obras P\u00fablicas (SOP) del Gobierno del Estado, se celebr\u00f3 la primera sesi\u00f3n ordinaria del Comit\u00e9 de Control y Desempe\u00f1o Institucional (COCODI) en la que se tom\u00f3 protesta a las y los nuevos integrantes del citado organismo. Pedro Cepeda Anaya, titular de la SOP, encabez\u00f3 la &hellip;<\/p>\n","protected":false},"author":1,"featured_media":14866,"comment_status":"open","ping_status":"open","sticky":false,"template":"","format":"standard","meta":{"footnotes":""},"categories":[39],"tags":[],"class_list":["post-14865","post","type-post","status-publish","format-standard","has-post-thumbnail","","category-tamaulipas"],"_links":{"self":[{"href":"https:\/\/www.radiointeractivo.com.mx\/index.php?rest_route=\/wp\/v2\/posts\/14865","targetHints":{"allow":["GET"]}}],"collection":[{"href":"https:\/\/www.radiointeractivo.com.mx\/index.php?rest_route=\/wp\/v2\/posts"}],"about":[{"href":"https:\/\/www.radiointeractivo.com.mx\/index.php?rest_route=\/wp\/v2\/types\/post"}],"author":[{"embeddable":true,"href":"https:\/\/www.radiointeractivo.com.mx\/index.php?rest_route=\/wp\/v2\/users\/1"}],"replies":[{"embeddable":true,"href":"https:\/\/www.radiointeractivo.com.mx\/index.php?rest_route=%2Fwp%2Fv2%2Fcomments&post=14865"}],"version-history":[{"count":1,"href":"https:\/\/www.radiointeractivo.com.mx\/index.php?rest_route=\/wp\/v2\/posts\/14865\/revisions"}],"predecessor-version":[{"id":14867,"href":"https:\/\/www.radiointeractivo.com.mx\/index.php?rest_route=\/wp\/v2\/posts\/14865\/revisions\/14867"}],"wp:featuredmedia":[{"embeddable":true,"href":"https:\/\/www.radiointeractivo.com.mx\/index.php?rest_route=\/wp\/v2\/media\/14866"}],"wp:attachment":[{"href":"https:\/\/www.radiointeractivo.com.mx\/index.php?rest_route=%2Fwp%2Fv2%2Fmedia&parent=14865"}],"wp:term":[{"taxonomy":"category","embeddable":true,"href":"https:\/\/www.radiointeractivo.com.mx\/index.php?rest_route=%2Fwp%2Fv2%2Fcategories&post=14865"},{"taxonomy":"post_tag","embeddable":true,"href":"https:\/\/www.radiointeractivo.com.mx\/index.php?rest_route=%2Fwp%2Fv2%2Ftags&post=14865"}],"curies":[{"name":"wp","href":"https:\/\/api.w.org\/{rel}","templated":true}]}}