{"id":14859,"date":"2025-03-12T16:45:27","date_gmt":"2025-03-12T21:45:27","guid":{"rendered":"https:\/\/www.radiointeractivo.com.mx\/?p=14859"},"modified":"2025-03-12T16:45:28","modified_gmt":"2025-03-12T21:45:28","slug":"abierta-convocatoria-para-ingresar-a-galeria-de-honor-del-magisterio-tamaulipeco","status":"publish","type":"post","link":"https:\/\/www.radiointeractivo.com.mx\/?p=14859","title":{"rendered":"Abierta convocatoria para ingresar a Galer\u00eda de Honor del Magisterio Tamaulipeco"},"content":{"rendered":"\n<figure class=\"wp-block-image size-large\"><img loading=\"lazy\" decoding=\"async\" width=\"1024\" height=\"614\" src=\"https:\/\/www.radiointeractivo.com.mx\/wp-content\/uploads\/2025\/03\/WhatsApp-Image-2025-03-12-at-3.27.20-PM-1024x614.jpeg\" alt=\"\" class=\"wp-image-14860\" srcset=\"https:\/\/www.radiointeractivo.com.mx\/wp-content\/uploads\/2025\/03\/WhatsApp-Image-2025-03-12-at-3.27.20-PM-1024x614.jpeg 1024w, https:\/\/www.radiointeractivo.com.mx\/wp-content\/uploads\/2025\/03\/WhatsApp-Image-2025-03-12-at-3.27.20-PM-300x180.jpeg 300w, https:\/\/www.radiointeractivo.com.mx\/wp-content\/uploads\/2025\/03\/WhatsApp-Image-2025-03-12-at-3.27.20-PM-768x461.jpeg 768w, https:\/\/www.radiointeractivo.com.mx\/wp-content\/uploads\/2025\/03\/WhatsApp-Image-2025-03-12-at-3.27.20-PM-1536x922.jpeg 1536w, https:\/\/www.radiointeractivo.com.mx\/wp-content\/uploads\/2025\/03\/WhatsApp-Image-2025-03-12-at-3.27.20-PM.jpeg 1600w\" sizes=\"auto, (max-width: 1024px) 100vw, 1024px\" \/><\/figure>\n\n\n\n<p>-La fecha de recepci\u00f3n de las propuestas se extiende hasta el 26 de marzo y podr\u00e1n participar docentes con 25 a\u00f1os de servicio o m\u00e1s, que hayan contribuido con sus acciones al desarrollo del sector educativo en la entidad<\/p>\n\n\n\n<p>Por: Agencias<\/p>\n\n\n\n<p>Ciudad Victoria, Tamaulipas. &#8211; Efra\u00edn Enrique P\u00e9rez G\u00fcemes, titular del Consejo Estatal T\u00e9cnico de la Secretar\u00eda de Educaci\u00f3n de Tamaulipas, invit\u00f3 a las maestras y maestros a participar en la convocatoria para ingresar a la Galer\u00eda de Honor del Magisterio Tamaulipeco en su edici\u00f3n 2025.<\/p>\n\n\n\n<p>Record\u00f3 que esta galer\u00eda inici\u00f3 en 1994 con el prop\u00f3sito de reconocer la labor profesional de las y los docentes de formaci\u00f3n normalista en la entidad, ya sean activos, retirados e incluso fallecidos, que durante al menos 25 a\u00f1os hayan contribuido con sus acciones al desarrollo del sector educativo.<\/p>\n\n\n\n<p>Inform\u00f3 que las y los participantes deber\u00e1n ser postulados por instituciones educativas, trabajadores de la educaci\u00f3n, maestras o maestros jubilados, madres y padres de familia, estudiantes, asociaciones civiles, clubes de servicio, consejos municipales de participaci\u00f3n social y la sociedad en general, considerando el impacto que han tenido en el sector, as\u00ed como la obra educativa, pol\u00edtica y social que han realizado.<\/p>\n\n\n\n<p>\u201cA partir de ello, se valora su desempe\u00f1o profesional y aportes a la educaci\u00f3n en el estado de Tamaulipas, tales como preparaci\u00f3n profesional, contribuciones educativas, calidad de su pr\u00e1ctica docente, m\u00e9ritos acad\u00e9micos y liderazgo\u201d, puntualiz\u00f3.<\/p>\n\n\n\n<p>Indic\u00f3 que esta convocatoria es posible gracias a la labor conjunta entre el Gobierno del Estado, a trav\u00e9s de la Secretar\u00eda de Educaci\u00f3n de Tamaulipas (SET), la Secci\u00f3n 30 del Sindicato Nacional de Trabajadores de la Educaci\u00f3n (SNTE) y la Academia Mexicana de la Educaci\u00f3n en Tamaulipas.<\/p>\n\n\n\n<p>Destac\u00f3 que entre los objetivos de la Galer\u00eda de Honor del Magisterio Tamaulipeco se encuentran: reconocer la contribuci\u00f3n de las maestras y los maestros a la transformaci\u00f3n social; fortalecer los mecanismos para su revalorizaci\u00f3n y liderazgo en la comunidad; as\u00ed como resaltar su experiencia, vinculaci\u00f3n y compromiso con su entorno laboral.<\/p>\n\n\n\n<p>\u201cTambi\u00e9n busca mejorar y fortalecer permanentemente el Sistema Educativo, reconociendo a las y los docentes como agentes fundamentales del proceso educativo y promoviendo la participaci\u00f3n de la comunidad escolar y la sociedad en su reconocimiento\u201d, enfatiz\u00f3.<\/p>\n\n\n\n<p>Las y los interesados deber\u00e1n presentar evidencia de su desempe\u00f1o profesional, formaci\u00f3n, contribuciones educativas, calidad en la pr\u00e1ctica docente, m\u00e9ritos acad\u00e9micos, liderazgo educativo y una trayectoria ejemplar.<\/p>\n\n\n\n<p>La convocatoria completa puede consultarse o descargarse en la p\u00e1gina web de la Secretar\u00eda de Educaci\u00f3n de Tamaulipas, en el siguiente enlace:https:\/\/www.tamaulipas.gob.mx\/educacion\/2025\/03\/galeria-de-honor-al-magisterio-tamaulipeco-xxxi-emision-2025\/.La fecha l\u00edmite para la recepci\u00f3n de propuestas se extiende hasta el 26 de marzo.<\/p>\n\n\n\n<p>Se\u00f1al\u00f3 que, adem\u00e1s de la distinci\u00f3n que representa formar parte de la Galer\u00eda de Honor del Magisterio Tamaulipeco, el ganador o ganadora recibir\u00e1 la Medalla al M\u00e9rito \u201cLauro Aguirre\u201d y un est\u00edmulo econ\u00f3mico.<\/p>\n\n\n\n<p>Finalmente, record\u00f3 que personajes como Estefan\u00eda Casta\u00f1eda y N\u00fa\u00f1ez de C\u00e1ceres, Lauro Aguirre, Arqu\u00edmedes Caballero, Rigoberto Castillo Mireles y Luis Puebla y Cuadra son algunos de las y los docentes cuyos nombres han sido inmortalizados en la galer\u00eda.<\/p>\n\n\n\n<p>La Galer\u00eda de Honor del Magisterio Tamaulipeco es una iniciativa que cuenta con el respaldo total del gobernador Am\u00e9rico Villarreal Anaya, quien reconoce la labor trascendental que han realizado las maestras y los maestros tamaulipecos en el desarrollo del sector educativo de la entidad.<\/p>\n","protected":false},"excerpt":{"rendered":"<p>-La fecha de recepci\u00f3n de las propuestas se extiende hasta el 26 de marzo y podr\u00e1n participar docentes con 25 a\u00f1os de servicio o m\u00e1s, que hayan contribuido con sus acciones al desarrollo del sector educativo en la entidad Por: Agencias Ciudad Victoria, Tamaulipas. &#8211; Efra\u00edn Enrique P\u00e9rez G\u00fcemes, titular del Consejo Estatal T\u00e9cnico de &hellip;<\/p>\n","protected":false},"author":1,"featured_media":14860,"comment_status":"open","ping_status":"open","sticky":false,"template":"","format":"standard","meta":{"footnotes":""},"categories":[39],"tags":[],"class_list":["post-14859","post","type-post","status-publish","format-standard","has-post-thumbnail","","category-tamaulipas"],"_links":{"self":[{"href":"https:\/\/www.radiointeractivo.com.mx\/index.php?rest_route=\/wp\/v2\/posts\/14859","targetHints":{"allow":["GET"]}}],"collection":[{"href":"https:\/\/www.radiointeractivo.com.mx\/index.php?rest_route=\/wp\/v2\/posts"}],"about":[{"href":"https:\/\/www.radiointeractivo.com.mx\/index.php?rest_route=\/wp\/v2\/types\/post"}],"author":[{"embeddable":true,"href":"https:\/\/www.radiointeractivo.com.mx\/index.php?rest_route=\/wp\/v2\/users\/1"}],"replies":[{"embeddable":true,"href":"https:\/\/www.radiointeractivo.com.mx\/index.php?rest_route=%2Fwp%2Fv2%2Fcomments&post=14859"}],"version-history":[{"count":1,"href":"https:\/\/www.radiointeractivo.com.mx\/index.php?rest_route=\/wp\/v2\/posts\/14859\/revisions"}],"predecessor-version":[{"id":14861,"href":"https:\/\/www.radiointeractivo.com.mx\/index.php?rest_route=\/wp\/v2\/posts\/14859\/revisions\/14861"}],"wp:featuredmedia":[{"embeddable":true,"href":"https:\/\/www.radiointeractivo.com.mx\/index.php?rest_route=\/wp\/v2\/media\/14860"}],"wp:attachment":[{"href":"https:\/\/www.radiointeractivo.com.mx\/index.php?rest_route=%2Fwp%2Fv2%2Fmedia&parent=14859"}],"wp:term":[{"taxonomy":"category","embeddable":true,"href":"https:\/\/www.radiointeractivo.com.mx\/index.php?rest_route=%2Fwp%2Fv2%2Fcategories&post=14859"},{"taxonomy":"post_tag","embeddable":true,"href":"https:\/\/www.radiointeractivo.com.mx\/index.php?rest_route=%2Fwp%2Fv2%2Ftags&post=14859"}],"curies":[{"name":"wp","href":"https:\/\/api.w.org\/{rel}","templated":true}]}}