{"id":14847,"date":"2025-03-12T16:33:06","date_gmt":"2025-03-12T21:33:06","guid":{"rendered":"https:\/\/www.radiointeractivo.com.mx\/?p=14847"},"modified":"2025-03-12T16:33:07","modified_gmt":"2025-03-12T21:33:07","slug":"define-tamaulipas-seleccion-de-badminton-rumbo-al-nacional-conade-2025","status":"publish","type":"post","link":"https:\/\/www.radiointeractivo.com.mx\/?p=14847","title":{"rendered":"Define Tamaulipas selecci\u00f3n de b\u00e1dminton rumbo al Nacional CONADE 2025"},"content":{"rendered":"\n<figure class=\"wp-block-image size-large\"><img loading=\"lazy\" decoding=\"async\" width=\"1024\" height=\"955\" src=\"https:\/\/www.radiointeractivo.com.mx\/wp-content\/uploads\/2025\/03\/WhatsApp-Image-2025-03-12-at-1.46.04-PM-1024x955.jpeg\" alt=\"\" class=\"wp-image-14848\" srcset=\"https:\/\/www.radiointeractivo.com.mx\/wp-content\/uploads\/2025\/03\/WhatsApp-Image-2025-03-12-at-1.46.04-PM-1024x955.jpeg 1024w, https:\/\/www.radiointeractivo.com.mx\/wp-content\/uploads\/2025\/03\/WhatsApp-Image-2025-03-12-at-1.46.04-PM-300x280.jpeg 300w, https:\/\/www.radiointeractivo.com.mx\/wp-content\/uploads\/2025\/03\/WhatsApp-Image-2025-03-12-at-1.46.04-PM-768x716.jpeg 768w, https:\/\/www.radiointeractivo.com.mx\/wp-content\/uploads\/2025\/03\/WhatsApp-Image-2025-03-12-at-1.46.04-PM.jpeg 1193w\" sizes=\"auto, (max-width: 1024px) 100vw, 1024px\" \/><\/figure>\n\n\n\n<p>Por: Agencias<\/p>\n\n\n\n<p>Ciudad Victoria, Tamaulipas.- Tras la conclusi\u00f3n del Campeonato Estatal de B\u00e1dminton, ha quedado conformada la Selecci\u00f3n Tamaulipas, integrada por atletas de alto nivel competitivo que buscar\u00e1n su clasificaci\u00f3n a los Juegos Nacionales CONADE 2025.<\/p>\n\n\n\n<p>El director general del Instituto del Deporte de Tamaulipas, Manuel Viru\u00e9s Lozano, coment\u00f3 que la delegaci\u00f3n se reporta lista para participar en el Selectivo Nacional, que se llevar\u00e1 a cabo en Aguascalientes del 9 al 13 de abril.<\/p>\n\n\n\n<p>En la categor\u00eda Sub-19 varonil competir\u00e1 Jos\u00e9 Esteban Trejo Rodr\u00edguez, mientras que en la rama femenil lo har\u00e1 Ximena P\u00e9rez Villarreal. En la Sub-17 varonil, Tamaulipas estar\u00e1 representado por Eliezer Aldair Mart\u00ednez Soto, Jorge Humberto Palomo Dimas y \u00c1ngel Fernando Vallejo Rodr\u00edguez, mientras que en la femenil participar\u00e1 Jennifer Betzab\u00e9 Bueno Ortega.<\/p>\n\n\n\n<p>En la categor\u00eda Sub-15 varonil, Francisco Alexander Quevedo Saucedo, Mart\u00edn Jaramillo Hern\u00e1ndez, Aldo Ra\u00fal Arizmendi y Jorge Hann Silva Flores buscar\u00e1n su pase, al igual que Valentina Guti\u00e9rrez N\u00fa\u00f1ez en la rama femenil.<\/p>\n\n\n\n<p>Finalmente, en la Sub-13 femenil competir\u00e1n Dania Mariel Montelongo N\u00e1jera, Ana Sof\u00eda Ruiz Gallardo, Loida Estrella Hern\u00e1ndez Gonz\u00e1lez y Johana Elizabeth Garc\u00eda Ram\u00edrez, mientras que en la rama varonil lo har\u00e1n Octavio Osiel Jaramillo Hern\u00e1ndez, Leonardo Ezequiel L\u00f3pez Espinoza, Joaqu\u00edn Samuel Hern\u00e1ndez Hern\u00e1ndez y \u00c1ngel Abel Gallardo Reyna. Las y los atletas clasificaron en forma individual, en pareja femenil, varonil o mixta.<\/p>\n\n\n\n<p>La delegaci\u00f3n tamaulipeca contar\u00e1 con el apoyo del gobierno de Am\u00e9rico Villarreal Anaya, a trav\u00e9s del INDE, que garantizar\u00e1 transporte, hospedaje y alimentaci\u00f3n durante su participaci\u00f3n en el Nacional.<\/p>\n\n\n\n<p>Con esta selecci\u00f3n, Tamaulipas reafirma su compromiso con el desarrollo del b\u00e1dminton y el impulso al talento deportivo en la entidad.<\/p>\n","protected":false},"excerpt":{"rendered":"<p>Por: Agencias Ciudad Victoria, Tamaulipas.- Tras la conclusi\u00f3n del Campeonato Estatal de B\u00e1dminton, ha quedado conformada la Selecci\u00f3n Tamaulipas, integrada por atletas de alto nivel competitivo que buscar\u00e1n su clasificaci\u00f3n a los Juegos Nacionales CONADE 2025. El director general del Instituto del Deporte de Tamaulipas, Manuel Viru\u00e9s Lozano, coment\u00f3 que la delegaci\u00f3n se reporta lista &hellip;<\/p>\n","protected":false},"author":1,"featured_media":14848,"comment_status":"open","ping_status":"open","sticky":false,"template":"","format":"standard","meta":{"footnotes":""},"categories":[39],"tags":[],"class_list":["post-14847","post","type-post","status-publish","format-standard","has-post-thumbnail","","category-tamaulipas"],"_links":{"self":[{"href":"https:\/\/www.radiointeractivo.com.mx\/index.php?rest_route=\/wp\/v2\/posts\/14847","targetHints":{"allow":["GET"]}}],"collection":[{"href":"https:\/\/www.radiointeractivo.com.mx\/index.php?rest_route=\/wp\/v2\/posts"}],"about":[{"href":"https:\/\/www.radiointeractivo.com.mx\/index.php?rest_route=\/wp\/v2\/types\/post"}],"author":[{"embeddable":true,"href":"https:\/\/www.radiointeractivo.com.mx\/index.php?rest_route=\/wp\/v2\/users\/1"}],"replies":[{"embeddable":true,"href":"https:\/\/www.radiointeractivo.com.mx\/index.php?rest_route=%2Fwp%2Fv2%2Fcomments&post=14847"}],"version-history":[{"count":1,"href":"https:\/\/www.radiointeractivo.com.mx\/index.php?rest_route=\/wp\/v2\/posts\/14847\/revisions"}],"predecessor-version":[{"id":14849,"href":"https:\/\/www.radiointeractivo.com.mx\/index.php?rest_route=\/wp\/v2\/posts\/14847\/revisions\/14849"}],"wp:featuredmedia":[{"embeddable":true,"href":"https:\/\/www.radiointeractivo.com.mx\/index.php?rest_route=\/wp\/v2\/media\/14848"}],"wp:attachment":[{"href":"https:\/\/www.radiointeractivo.com.mx\/index.php?rest_route=%2Fwp%2Fv2%2Fmedia&parent=14847"}],"wp:term":[{"taxonomy":"category","embeddable":true,"href":"https:\/\/www.radiointeractivo.com.mx\/index.php?rest_route=%2Fwp%2Fv2%2Fcategories&post=14847"},{"taxonomy":"post_tag","embeddable":true,"href":"https:\/\/www.radiointeractivo.com.mx\/index.php?rest_route=%2Fwp%2Fv2%2Ftags&post=14847"}],"curies":[{"name":"wp","href":"https:\/\/api.w.org\/{rel}","templated":true}]}}