{"id":14844,"date":"2025-03-12T16:30:59","date_gmt":"2025-03-12T21:30:59","guid":{"rendered":"https:\/\/www.radiointeractivo.com.mx\/?p=14844"},"modified":"2025-03-12T16:31:00","modified_gmt":"2025-03-12T21:31:00","slug":"supervisa-conapesca-localidades-pesqueras-de-tamaulipas-para-fortalecer-proyectos-acuicolas","status":"publish","type":"post","link":"https:\/\/www.radiointeractivo.com.mx\/?p=14844","title":{"rendered":"Supervisa CONAPESCA localidades pesqueras de Tamaulipas para fortalecer proyectos acu\u00edcolas"},"content":{"rendered":"\n<figure class=\"wp-block-image size-large\"><img loading=\"lazy\" decoding=\"async\" width=\"1024\" height=\"682\" src=\"https:\/\/www.radiointeractivo.com.mx\/wp-content\/uploads\/2025\/03\/WhatsApp-Image-2025-03-12-at-12.38.30-PM-1024x682.jpeg\" alt=\"\" class=\"wp-image-14845\" srcset=\"https:\/\/www.radiointeractivo.com.mx\/wp-content\/uploads\/2025\/03\/WhatsApp-Image-2025-03-12-at-12.38.30-PM-1024x682.jpeg 1024w, https:\/\/www.radiointeractivo.com.mx\/wp-content\/uploads\/2025\/03\/WhatsApp-Image-2025-03-12-at-12.38.30-PM-300x200.jpeg 300w, https:\/\/www.radiointeractivo.com.mx\/wp-content\/uploads\/2025\/03\/WhatsApp-Image-2025-03-12-at-12.38.30-PM-768x512.jpeg 768w, https:\/\/www.radiointeractivo.com.mx\/wp-content\/uploads\/2025\/03\/WhatsApp-Image-2025-03-12-at-12.38.30-PM-310x205.jpeg 310w, https:\/\/www.radiointeractivo.com.mx\/wp-content\/uploads\/2025\/03\/WhatsApp-Image-2025-03-12-at-12.38.30-PM.jpeg 1280w\" sizes=\"auto, (max-width: 1024px) 100vw, 1024px\" \/><\/figure>\n\n\n\n<p>Por: Staff | #NuevoLaredo #Laredo #NLD #Tamaulipas<\/p>\n\n\n\n<p>Ciudad Victoria, Tamaulipas. \u2013 Derivado de la gira de trabajo que en d\u00edas pasados llev\u00f3 a cabo la Secretar\u00eda de Desarrollo Rural, Pesca y Acuacultura a trav\u00e9s de la Subsecretar\u00eda de Pesca y Acuacultura en coordinaci\u00f3n con personal de direcci\u00f3n general de CONAPESCA, se hizo un recorrido de supervisi\u00f3n por localidades pesqueras de los municipios de Altamira, Matamoros, San Fernando y Soto la Marina.<\/p>\n\n\n\n<p>Jorge de Jes\u00fas Montagner Mendoza, subsecretario de Pesca y Acuacultura coment\u00f3 que este recorrido permiti\u00f3 que conocieran el gran potencial que tiene Tamaulipas en acuacultura, adem\u00e1s de la gran disponibilidad del sector rural para incorporarse a actividades que finalmente pueden tener una idea alineada a lo pol\u00edtica que sigue la presidenta de la Rep\u00fablica, Claudia Sheinbaum Pardo.<\/p>\n\n\n\n<p>\u201cTambi\u00e9n hablamos de los proyectos que trae el gobernador del Estado, Am\u00e9rico Villarreal Anaya en materia de dragados y escolleras que requieren varios vasos lacustres del estado, sobre todo los que colindan con la costa del Golfo de M\u00e9xico\u201d, puntualiz\u00f3.<\/p>\n\n\n\n<p>\u201cDecirles que para lograr estos objetivos estaremos trabajando de manera coordinada con Francisco Javier Mart\u00ednez Cordero, director general de infraestructura y Julio Cabanillas Ramos, director de \u00c1rea de Maricultura adscrito a CONAPESCA, para establecer convenios espec\u00edficos que fortalezcan estas acciones\u201d, finaliz\u00f3.<\/p>\n","protected":false},"excerpt":{"rendered":"<p>Por: Staff | #NuevoLaredo #Laredo #NLD #Tamaulipas Ciudad Victoria, Tamaulipas. \u2013 Derivado de la gira de trabajo que en d\u00edas pasados llev\u00f3 a cabo la Secretar\u00eda de Desarrollo Rural, Pesca y Acuacultura a trav\u00e9s de la Subsecretar\u00eda de Pesca y Acuacultura en coordinaci\u00f3n con personal de direcci\u00f3n general de CONAPESCA, se hizo un recorrido de &hellip;<\/p>\n","protected":false},"author":1,"featured_media":14845,"comment_status":"open","ping_status":"open","sticky":false,"template":"","format":"standard","meta":{"footnotes":""},"categories":[39],"tags":[],"class_list":["post-14844","post","type-post","status-publish","format-standard","has-post-thumbnail","","category-tamaulipas"],"_links":{"self":[{"href":"https:\/\/www.radiointeractivo.com.mx\/index.php?rest_route=\/wp\/v2\/posts\/14844","targetHints":{"allow":["GET"]}}],"collection":[{"href":"https:\/\/www.radiointeractivo.com.mx\/index.php?rest_route=\/wp\/v2\/posts"}],"about":[{"href":"https:\/\/www.radiointeractivo.com.mx\/index.php?rest_route=\/wp\/v2\/types\/post"}],"author":[{"embeddable":true,"href":"https:\/\/www.radiointeractivo.com.mx\/index.php?rest_route=\/wp\/v2\/users\/1"}],"replies":[{"embeddable":true,"href":"https:\/\/www.radiointeractivo.com.mx\/index.php?rest_route=%2Fwp%2Fv2%2Fcomments&post=14844"}],"version-history":[{"count":1,"href":"https:\/\/www.radiointeractivo.com.mx\/index.php?rest_route=\/wp\/v2\/posts\/14844\/revisions"}],"predecessor-version":[{"id":14846,"href":"https:\/\/www.radiointeractivo.com.mx\/index.php?rest_route=\/wp\/v2\/posts\/14844\/revisions\/14846"}],"wp:featuredmedia":[{"embeddable":true,"href":"https:\/\/www.radiointeractivo.com.mx\/index.php?rest_route=\/wp\/v2\/media\/14845"}],"wp:attachment":[{"href":"https:\/\/www.radiointeractivo.com.mx\/index.php?rest_route=%2Fwp%2Fv2%2Fmedia&parent=14844"}],"wp:term":[{"taxonomy":"category","embeddable":true,"href":"https:\/\/www.radiointeractivo.com.mx\/index.php?rest_route=%2Fwp%2Fv2%2Fcategories&post=14844"},{"taxonomy":"post_tag","embeddable":true,"href":"https:\/\/www.radiointeractivo.com.mx\/index.php?rest_route=%2Fwp%2Fv2%2Ftags&post=14844"}],"curies":[{"name":"wp","href":"https:\/\/api.w.org\/{rel}","templated":true}]}}