{"id":1484,"date":"2023-09-06T11:27:16","date_gmt":"2023-09-06T16:27:16","guid":{"rendered":"https:\/\/www.radiointeractivo.com.mx\/?p=1484"},"modified":"2023-09-06T11:27:17","modified_gmt":"2023-09-06T16:27:17","slug":"respeta-americo-derechos-y-prestaciones-de-maestros-los-llama-al-dialogo","status":"publish","type":"post","link":"https:\/\/www.radiointeractivo.com.mx\/?p=1484","title":{"rendered":"Respeta Am\u00e9rico derechos y prestaciones de maestros; los llama al di\u00e1logo"},"content":{"rendered":"\n<p>Por: Agencias<\/p>\n\n\n\n<p>Ciudad Victoria, Tamaulipas.- En un mensaje dirigido a las maestras y maestros de Tamaulipas, el gobernador Am\u00e9rico Villarreal Anaya expres\u00f3 todo su respeto a los derechos laborales de las y los trabajadores de la educaci\u00f3n y conmin\u00f3 al di\u00e1logo para conocer a fondo todos sus planteamientos y encontrar juntos las mejores opciones de soluci\u00f3n.<\/p>\n\n\n\n<p>&#8220;Ustedes saben, que desde el primer d\u00eda de mi gobierno lo dije y lo he subrayado: que sin educaci\u00f3n no hay transformaci\u00f3n y que las y los maestros son la columna vertebral de este objetivo; pero adem\u00e1s lo he sostenido, que para consolidar la excelencia educativa, debemos tener resueltas las necesidades laborales y salariales de los trabajadores de la educaci\u00f3n; tarea que hemos hecho desde el inicio de mi gobierno, a\u00fan cuando las limitaciones presupuestales han sido apremiantes&#8221;, expres\u00f3.<\/p>\n\n\n\n<p>El gobernador indic\u00f3 que ha dado instrucciones al secretario general de Gobierno, a la secretaria de Educaci\u00f3n, y al titular de la Unidad Ejecutiva de la SET, para que conformen una mesa de di\u00e1logo con las autoridades sindicales y conocer sus peticiones, para buscar de manera conjunta una respuesta a dichas solicitudes.<\/p>\n\n\n\n<p>&#8220;Los invito a que continuemos con el di\u00e1logo, que como lo hemos expresado, seamos una sociedad colaborativa y veamos siempre por preservar la mejor educaci\u00f3n para nuestros alumnos que ser\u00e1n el tejido de nuestra nueva sociedad&#8221;, agreg\u00f3.<\/p>\n\n\n\n<p>&#8220;Hoy tenemos la oportunidad de refrendar la buena relaci\u00f3n y entendimiento que llevamos, en favor de la educaci\u00f3n y de los trabajadores del sector&#8221;.<\/p>\n\n\n\n<p>En su mensaje, Villarreal Anaya record\u00f3 que desde el primer d\u00eda de la actual administraci\u00f3n estatal se han atendido demandas de las y los maestros de Tamaulipas dando respuesta a las gestiones sindicales de coberturas y al programa PAAE (Personal de Apoyo y Asistencia a la Educaci\u00f3n) y en los procesos de regulaci\u00f3n se han atendido a m\u00e1s de 9 mil docentes en cambios de su centro de trabajo, as\u00ed como las solicitudes del impacto de relaci\u00f3n de alumno-grupo donde solo 17 de las 218 secundarias tienen grupos de m\u00e1s de 40 alumnos, siempre con solicitud y aceptaci\u00f3n de los directivos.<\/p>\n\n\n\n<p>Agreg\u00f3 que se han entregado bonos a personal homologado no transferido, activos y jubilados y se realiz\u00f3 el pago retroactivo del incremento salarial de 2023; bono a personal jubilado de nivel b\u00e1sico y se entregaron est\u00edmulos por 40 y 30 a\u00f1os al personal docente.<\/p>\n\n\n\n<p>Adem\u00e1s, en el presente a\u00f1o, dijo, se han destinado m\u00e1s de 228 millones para el programa de &#8220;La Escuela es Nuestra&#8221;, beneficiando a 897 planteles del estado, entre otros apoyos que se han entregado de forma puntual.<\/p>\n\n\n\n<p>&#8220;Hoy tenemos la oportunidad de refrendar la buena relaci\u00f3n y entendimiento que llevamos, en favor de la educaci\u00f3n y de los trabajadores del sector&#8221;, indic\u00f3.<\/p>\n","protected":false},"excerpt":{"rendered":"<p>Por: Agencias Ciudad Victoria, Tamaulipas.- En un mensaje dirigido a las maestras y maestros de Tamaulipas, el gobernador Am\u00e9rico Villarreal Anaya expres\u00f3 todo su respeto a los derechos laborales de las y los trabajadores de la educaci\u00f3n y conmin\u00f3 al di\u00e1logo para conocer a fondo todos sus planteamientos y encontrar juntos las mejores opciones de &hellip;<\/p>\n","protected":false},"author":1,"featured_media":1485,"comment_status":"open","ping_status":"open","sticky":false,"template":"","format":"standard","meta":{"footnotes":""},"categories":[39],"tags":[],"class_list":["post-1484","post","type-post","status-publish","format-standard","has-post-thumbnail","","category-tamaulipas"],"_links":{"self":[{"href":"https:\/\/www.radiointeractivo.com.mx\/index.php?rest_route=\/wp\/v2\/posts\/1484","targetHints":{"allow":["GET"]}}],"collection":[{"href":"https:\/\/www.radiointeractivo.com.mx\/index.php?rest_route=\/wp\/v2\/posts"}],"about":[{"href":"https:\/\/www.radiointeractivo.com.mx\/index.php?rest_route=\/wp\/v2\/types\/post"}],"author":[{"embeddable":true,"href":"https:\/\/www.radiointeractivo.com.mx\/index.php?rest_route=\/wp\/v2\/users\/1"}],"replies":[{"embeddable":true,"href":"https:\/\/www.radiointeractivo.com.mx\/index.php?rest_route=%2Fwp%2Fv2%2Fcomments&post=1484"}],"version-history":[{"count":1,"href":"https:\/\/www.radiointeractivo.com.mx\/index.php?rest_route=\/wp\/v2\/posts\/1484\/revisions"}],"predecessor-version":[{"id":1486,"href":"https:\/\/www.radiointeractivo.com.mx\/index.php?rest_route=\/wp\/v2\/posts\/1484\/revisions\/1486"}],"wp:featuredmedia":[{"embeddable":true,"href":"https:\/\/www.radiointeractivo.com.mx\/index.php?rest_route=\/wp\/v2\/media\/1485"}],"wp:attachment":[{"href":"https:\/\/www.radiointeractivo.com.mx\/index.php?rest_route=%2Fwp%2Fv2%2Fmedia&parent=1484"}],"wp:term":[{"taxonomy":"category","embeddable":true,"href":"https:\/\/www.radiointeractivo.com.mx\/index.php?rest_route=%2Fwp%2Fv2%2Fcategories&post=1484"},{"taxonomy":"post_tag","embeddable":true,"href":"https:\/\/www.radiointeractivo.com.mx\/index.php?rest_route=%2Fwp%2Fv2%2Ftags&post=1484"}],"curies":[{"name":"wp","href":"https:\/\/api.w.org\/{rel}","templated":true}]}}