{"id":14826,"date":"2025-03-11T21:58:08","date_gmt":"2025-03-12T02:58:08","guid":{"rendered":"https:\/\/www.radiointeractivo.com.mx\/?p=14826"},"modified":"2025-03-11T21:58:09","modified_gmt":"2025-03-12T02:58:09","slug":"guardia-estatal-de-genero-participa-en-programa-de-seguridad-escolar-y-proteccion-civil","status":"publish","type":"post","link":"https:\/\/www.radiointeractivo.com.mx\/?p=14826","title":{"rendered":"Guardia Estatal de G\u00e9nero participa en Programa de Seguridad Escolar y Protecci\u00f3n Civil"},"content":{"rendered":"\n<figure class=\"wp-block-image size-large\"><img loading=\"lazy\" decoding=\"async\" width=\"1024\" height=\"771\" src=\"https:\/\/www.radiointeractivo.com.mx\/wp-content\/uploads\/2025\/03\/WhatsApp-Image-2025-03-11-at-6.39.41-PM-1024x771.jpeg\" alt=\"\" class=\"wp-image-14827\" srcset=\"https:\/\/www.radiointeractivo.com.mx\/wp-content\/uploads\/2025\/03\/WhatsApp-Image-2025-03-11-at-6.39.41-PM-1024x771.jpeg 1024w, https:\/\/www.radiointeractivo.com.mx\/wp-content\/uploads\/2025\/03\/WhatsApp-Image-2025-03-11-at-6.39.41-PM-300x226.jpeg 300w, https:\/\/www.radiointeractivo.com.mx\/wp-content\/uploads\/2025\/03\/WhatsApp-Image-2025-03-11-at-6.39.41-PM-768x578.jpeg 768w, https:\/\/www.radiointeractivo.com.mx\/wp-content\/uploads\/2025\/03\/WhatsApp-Image-2025-03-11-at-6.39.41-PM-1536x1156.jpeg 1536w, https:\/\/www.radiointeractivo.com.mx\/wp-content\/uploads\/2025\/03\/WhatsApp-Image-2025-03-11-at-6.39.41-PM.jpeg 1600w\" sizes=\"auto, (max-width: 1024px) 100vw, 1024px\" \/><\/figure>\n\n\n\n<p>Por: Agencias<\/p>\n\n\n\n<p>Nuevo Laredo, Tamaulipas.- En sinergia con autoridades educativas, sanitarias, de seguridad y Protecci\u00f3n Civil, personal de la Guardia Estatal de G\u00e9nero en el municipio de Nuevo Laredo particip\u00f3 en la Jornada Cultural de Prevenci\u00f3n y Auxilio, misma que forma parte del Programa de Seguridad y Protecci\u00f3n Civil.<\/p>\n\n\n\n<p>La sede fue la Escuela Secundaria General 01 Profr. Juvenal Boone Flores, ubicada en esta ciudad fronteriza, en la cual, personal de esta unidad de la Guardia Estatal present\u00f3 informaci\u00f3n referente al acoso escolar y ciberbullying.<\/p>\n\n\n\n<p>Adem\u00e1s de estudiantes de los tres grados de este plantel, la informaci\u00f3n fue recibida por personal que labora en el Centro Regional de Ejecuci\u00f3n de Medidas para Adolescentes, con la finalidad de que, a trav\u00e9s de su conducto, este conocimiento llegue a j\u00f3venes en conflicto con la Ley Penal.<\/p>\n\n\n\n<p>Con acciones interinstitucionales, la Secretar\u00eda de Seguridad P\u00fablica de Tamaulipas (SSPT) reafirma su compromiso de construir espacios seguros, tanto f\u00edsicos como digitales para las y los adolescentes del estado.<\/p>\n","protected":false},"excerpt":{"rendered":"<p>Por: Agencias Nuevo Laredo, Tamaulipas.- En sinergia con autoridades educativas, sanitarias, de seguridad y Protecci\u00f3n Civil, personal de la Guardia Estatal de G\u00e9nero en el municipio de Nuevo Laredo particip\u00f3 en la Jornada Cultural de Prevenci\u00f3n y Auxilio, misma que forma parte del Programa de Seguridad y Protecci\u00f3n Civil. La sede fue la Escuela Secundaria &hellip;<\/p>\n","protected":false},"author":1,"featured_media":14827,"comment_status":"open","ping_status":"open","sticky":false,"template":"","format":"standard","meta":{"footnotes":""},"categories":[39],"tags":[],"class_list":["post-14826","post","type-post","status-publish","format-standard","has-post-thumbnail","","category-tamaulipas"],"_links":{"self":[{"href":"https:\/\/www.radiointeractivo.com.mx\/index.php?rest_route=\/wp\/v2\/posts\/14826","targetHints":{"allow":["GET"]}}],"collection":[{"href":"https:\/\/www.radiointeractivo.com.mx\/index.php?rest_route=\/wp\/v2\/posts"}],"about":[{"href":"https:\/\/www.radiointeractivo.com.mx\/index.php?rest_route=\/wp\/v2\/types\/post"}],"author":[{"embeddable":true,"href":"https:\/\/www.radiointeractivo.com.mx\/index.php?rest_route=\/wp\/v2\/users\/1"}],"replies":[{"embeddable":true,"href":"https:\/\/www.radiointeractivo.com.mx\/index.php?rest_route=%2Fwp%2Fv2%2Fcomments&post=14826"}],"version-history":[{"count":1,"href":"https:\/\/www.radiointeractivo.com.mx\/index.php?rest_route=\/wp\/v2\/posts\/14826\/revisions"}],"predecessor-version":[{"id":14828,"href":"https:\/\/www.radiointeractivo.com.mx\/index.php?rest_route=\/wp\/v2\/posts\/14826\/revisions\/14828"}],"wp:featuredmedia":[{"embeddable":true,"href":"https:\/\/www.radiointeractivo.com.mx\/index.php?rest_route=\/wp\/v2\/media\/14827"}],"wp:attachment":[{"href":"https:\/\/www.radiointeractivo.com.mx\/index.php?rest_route=%2Fwp%2Fv2%2Fmedia&parent=14826"}],"wp:term":[{"taxonomy":"category","embeddable":true,"href":"https:\/\/www.radiointeractivo.com.mx\/index.php?rest_route=%2Fwp%2Fv2%2Fcategories&post=14826"},{"taxonomy":"post_tag","embeddable":true,"href":"https:\/\/www.radiointeractivo.com.mx\/index.php?rest_route=%2Fwp%2Fv2%2Ftags&post=14826"}],"curies":[{"name":"wp","href":"https:\/\/api.w.org\/{rel}","templated":true}]}}