{"id":14823,"date":"2025-03-11T21:55:25","date_gmt":"2025-03-12T02:55:25","guid":{"rendered":"https:\/\/www.radiointeractivo.com.mx\/?p=14823"},"modified":"2025-03-11T21:55:26","modified_gmt":"2025-03-12T02:55:26","slug":"actualiza-salud-a-medicos-y-enfermeras-sobre-padecimientos-de-la-temporada-de-calor","status":"publish","type":"post","link":"https:\/\/www.radiointeractivo.com.mx\/?p=14823","title":{"rendered":"Actualiza Salud a m\u00e9dicos y enfermeras sobre padecimientos de la temporada de calor"},"content":{"rendered":"\n<figure class=\"wp-block-image size-large\"><img loading=\"lazy\" decoding=\"async\" width=\"1024\" height=\"682\" src=\"https:\/\/www.radiointeractivo.com.mx\/wp-content\/uploads\/2025\/03\/WhatsApp-Image-2025-03-11-at-7.17.56-PM-1024x682.jpeg\" alt=\"\" class=\"wp-image-14824\" srcset=\"https:\/\/www.radiointeractivo.com.mx\/wp-content\/uploads\/2025\/03\/WhatsApp-Image-2025-03-11-at-7.17.56-PM-1024x682.jpeg 1024w, https:\/\/www.radiointeractivo.com.mx\/wp-content\/uploads\/2025\/03\/WhatsApp-Image-2025-03-11-at-7.17.56-PM-300x200.jpeg 300w, https:\/\/www.radiointeractivo.com.mx\/wp-content\/uploads\/2025\/03\/WhatsApp-Image-2025-03-11-at-7.17.56-PM-768x512.jpeg 768w, https:\/\/www.radiointeractivo.com.mx\/wp-content\/uploads\/2025\/03\/WhatsApp-Image-2025-03-11-at-7.17.56-PM-1536x1023.jpeg 1536w, https:\/\/www.radiointeractivo.com.mx\/wp-content\/uploads\/2025\/03\/WhatsApp-Image-2025-03-11-at-7.17.56-PM-310x205.jpeg 310w, https:\/\/www.radiointeractivo.com.mx\/wp-content\/uploads\/2025\/03\/WhatsApp-Image-2025-03-11-at-7.17.56-PM.jpeg 1600w\" sizes=\"auto, (max-width: 1024px) 100vw, 1024px\" \/><\/figure>\n\n\n\n<p>-Con la capacitaci\u00f3n se pretende identificar de manera oportuna los signos de alarma, atenci\u00f3n oportuna y reducir riesgos en la salud del paciente<\/p>\n\n\n\n<p>Por: Agencias<\/p>\n\n\n\n<p>Ciudad Victoria, Tamaulipas.- Para limitar los riesgos en la poblaci\u00f3n m\u00e1s vulnerable durante la temporada de calor, la Secretar\u00eda de Salud, a trav\u00e9s de la Direcci\u00f3n de Infancia y Adolescencia, realiz\u00f3 el curso de actualizaci\u00f3n \u201cTemas Selectos de Atenci\u00f3n Integrada en la Infancia y la Adolescencia\u201d enfocado a los m\u00e9dicos y enfermeras que laboran en los centros de salud y unidades hospitalarias.<\/p>\n\n\n\n<p>En representaci\u00f3n del secretario de Salud, Vicente Joel Hern\u00e1ndez Navarro, el subsecretario de Salud P\u00fablica, Rembrandt Reyes N\u00e1jera, inaugur\u00f3 los trabajos de capacitaci\u00f3n que favorecer\u00e1n en la identificaci\u00f3n oportuna de signos de alarma para otorgar una atenci\u00f3n adecuada y reducir complicaciones, aunado a evitar riesgos de intoxicaci\u00f3n alimentaria, diarreas, deshidrataci\u00f3n, insolaci\u00f3n, lesiones t\u00e9rmicas y golpe de calor en la poblaci\u00f3n m\u00e1s susceptible durante los periodos de primavera y verano.<\/p>\n\n\n\n<p>\u201cEl d\u00eda de hoy revisaremos aquellas enfermedades que est\u00e1n asociadas a las altas temperaturas, as\u00ed como las recomendaciones que debemos fomentar entre la comunidad a fin de minimizar los riesgos, sobre todo en la poblaci\u00f3n m\u00e1s vulnerable como los menores de cinco a\u00f1os, adolescentes, adultos mayores, personas con obesidad o con alguna comorbilidad\u201d, mencion\u00f3 Reyes N\u00e1jera durante su discurso.<\/p>\n\n\n\n<p>Dijo que durante la primavera y verano se presentan temperaturas mayores a 32 grados cent\u00edgrados y en este a\u00f1o, la temporada de calor en M\u00e9xico para 2025 y de acuerdo al Sistema Meteorol\u00f3gico Nacional, se estima que arranque en marzo y aunque hasta el momento no se tiene un n\u00famero exacto sobre las olas de calor que habr\u00e1 en el pa\u00eds, las estimaciones podr\u00edan variar acerca de la duraci\u00f3n de la temporada de altas temperaturas, debido a que hay registros donde este periodo se extiende hasta el mes de agosto.<\/p>\n\n\n\n<p>Estas capacitaciones, que se llevan a cabo en coordinaci\u00f3n con el sector Salud, tienen el objetivo de actualizar los conocimientos del personal y fortalecer las acciones de prevenci\u00f3n a fin de evitar enfermedades diarreicas y sus complicaciones como es la deshidrataci\u00f3n, o la insolaci\u00f3n que pudiera desencadenar en golpe de calor.<\/p>\n\n\n\n<p>El evento, que se llev\u00f3 a cabo de manera virtual y presencial en las instalaciones del Centro de Excelencia de la Universidad Aut\u00f3noma de Tamaulipas de esta ciudad, se cont\u00f3 con la asistencia del subsecretario de Atenci\u00f3n M\u00e9dica, Mart\u00edn Arturo Rodr\u00edguez Alcocer; la subdirectora de Enfermer\u00eda, Irma Barrag\u00e1n Alvarado; en representaci\u00f3n del coordinador estatal de Servicios P\u00fablicos de Salud IMSS Bienestar Tamaulipas, Jos\u00e9 Flores Romero; el director de Infancia y Adolescencia y coordinador del curso, Jes\u00fas Zarate Torres y la directora de la Jurisdicci\u00f3n Sanitaria n\u00famero 1 de Victoria, Zelenney Guadalupe Rodr\u00edguez Mendoza.<\/p>\n","protected":false},"excerpt":{"rendered":"<p>-Con la capacitaci\u00f3n se pretende identificar de manera oportuna los signos de alarma, atenci\u00f3n oportuna y reducir riesgos en la salud del paciente Por: Agencias Ciudad Victoria, Tamaulipas.- Para limitar los riesgos en la poblaci\u00f3n m\u00e1s vulnerable durante la temporada de calor, la Secretar\u00eda de Salud, a trav\u00e9s de la Direcci\u00f3n de Infancia y Adolescencia, &hellip;<\/p>\n","protected":false},"author":1,"featured_media":14824,"comment_status":"open","ping_status":"open","sticky":false,"template":"","format":"standard","meta":{"footnotes":""},"categories":[39],"tags":[],"class_list":["post-14823","post","type-post","status-publish","format-standard","has-post-thumbnail","","category-tamaulipas"],"_links":{"self":[{"href":"https:\/\/www.radiointeractivo.com.mx\/index.php?rest_route=\/wp\/v2\/posts\/14823","targetHints":{"allow":["GET"]}}],"collection":[{"href":"https:\/\/www.radiointeractivo.com.mx\/index.php?rest_route=\/wp\/v2\/posts"}],"about":[{"href":"https:\/\/www.radiointeractivo.com.mx\/index.php?rest_route=\/wp\/v2\/types\/post"}],"author":[{"embeddable":true,"href":"https:\/\/www.radiointeractivo.com.mx\/index.php?rest_route=\/wp\/v2\/users\/1"}],"replies":[{"embeddable":true,"href":"https:\/\/www.radiointeractivo.com.mx\/index.php?rest_route=%2Fwp%2Fv2%2Fcomments&post=14823"}],"version-history":[{"count":1,"href":"https:\/\/www.radiointeractivo.com.mx\/index.php?rest_route=\/wp\/v2\/posts\/14823\/revisions"}],"predecessor-version":[{"id":14825,"href":"https:\/\/www.radiointeractivo.com.mx\/index.php?rest_route=\/wp\/v2\/posts\/14823\/revisions\/14825"}],"wp:featuredmedia":[{"embeddable":true,"href":"https:\/\/www.radiointeractivo.com.mx\/index.php?rest_route=\/wp\/v2\/media\/14824"}],"wp:attachment":[{"href":"https:\/\/www.radiointeractivo.com.mx\/index.php?rest_route=%2Fwp%2Fv2%2Fmedia&parent=14823"}],"wp:term":[{"taxonomy":"category","embeddable":true,"href":"https:\/\/www.radiointeractivo.com.mx\/index.php?rest_route=%2Fwp%2Fv2%2Fcategories&post=14823"},{"taxonomy":"post_tag","embeddable":true,"href":"https:\/\/www.radiointeractivo.com.mx\/index.php?rest_route=%2Fwp%2Fv2%2Ftags&post=14823"}],"curies":[{"name":"wp","href":"https:\/\/api.w.org\/{rel}","templated":true}]}}