{"id":14813,"date":"2025-03-11T16:36:30","date_gmt":"2025-03-11T21:36:30","guid":{"rendered":"https:\/\/www.radiointeractivo.com.mx\/?p=14813"},"modified":"2025-03-11T16:36:32","modified_gmt":"2025-03-11T21:36:32","slug":"tamaulipas-invitado-especial-en-la-feria-nacional-nayarit-2025","status":"publish","type":"post","link":"https:\/\/www.radiointeractivo.com.mx\/?p=14813","title":{"rendered":"Tamaulipas invitado especial en la Feria Nacional Nayarit 2025"},"content":{"rendered":"\n<figure class=\"wp-block-image size-large\"><img loading=\"lazy\" decoding=\"async\" width=\"1024\" height=\"682\" src=\"https:\/\/www.radiointeractivo.com.mx\/wp-content\/uploads\/2025\/03\/WhatsApp-Image-2025-03-11-at-2.55.20-PM-1024x682.jpeg\" alt=\"\" class=\"wp-image-14814\" srcset=\"https:\/\/www.radiointeractivo.com.mx\/wp-content\/uploads\/2025\/03\/WhatsApp-Image-2025-03-11-at-2.55.20-PM-1024x682.jpeg 1024w, https:\/\/www.radiointeractivo.com.mx\/wp-content\/uploads\/2025\/03\/WhatsApp-Image-2025-03-11-at-2.55.20-PM-300x200.jpeg 300w, https:\/\/www.radiointeractivo.com.mx\/wp-content\/uploads\/2025\/03\/WhatsApp-Image-2025-03-11-at-2.55.20-PM-768x512.jpeg 768w, https:\/\/www.radiointeractivo.com.mx\/wp-content\/uploads\/2025\/03\/WhatsApp-Image-2025-03-11-at-2.55.20-PM-1536x1023.jpeg 1536w, https:\/\/www.radiointeractivo.com.mx\/wp-content\/uploads\/2025\/03\/WhatsApp-Image-2025-03-11-at-2.55.20-PM-310x205.jpeg 310w, https:\/\/www.radiointeractivo.com.mx\/wp-content\/uploads\/2025\/03\/WhatsApp-Image-2025-03-11-at-2.55.20-PM.jpeg 1600w\" sizes=\"auto, (max-width: 1024px) 100vw, 1024px\" \/><\/figure>\n\n\n\n<p>-Una ventana para mostrar nuestras bellezas naturales y el folclor: Benjam\u00edn Hern\u00e1ndez Rodr\u00edguez<\/p>\n\n\n\n<p>Por: Agencias<\/p>\n\n\n\n<p>Ciudad Victoria, Tamaulipas \u2013 Tamaulipas es uno de los tres estados invitados a la \u201cFeria Nacional Nayarit 2025\u201d, al lado de Oaxaca y Veracruz, en un evento anual que muestra la riqueza cultural, gastron\u00f3mica y art\u00edstica.<\/p>\n\n\n\n<p>La participaci\u00f3n de Tamaulipas en la Feria representa una oportunidad estrat\u00e9gica para mostrar al p\u00fablico la riqueza cultural y tur\u00edstica del estado.<\/p>\n\n\n\n<p>En esta edici\u00f3n, la entidad tendr\u00e1 una destacada participaci\u00f3n cultural, con tradiciones, artesan\u00edas, productos \u201cHecho en Tamaulipas\u201d y mucho m\u00e1s, inform\u00f3 el secretario de Turismo en Tamaulipas, Benjam\u00edn Hern\u00e1ndez Rodr\u00edguez.<\/p>\n\n\n\n<p>\u201cEste espacio ser\u00e1 una excelente oportunidad para que los visitantes descubran la grandeza de Tamaulipas, un estado que lo tiene todo\u201d, indic\u00f3. Refiri\u00f3 que a partir del 21 marzo, Tamaulipas ofrecer\u00e1 al p\u00fablico una ventana abierta para mostrar su amplio cat\u00e1logo de destinos tur\u00edsticos, infraestructura, servicios y gastronom\u00eda, entre otros atractivos m\u00e1s.<\/p>\n\n\n\n<p>Refiri\u00f3 que se trata de que a trav\u00e9s de las exhibiciones y presentaciones art\u00edsticas en la feria, se genere inter\u00e9s entre los miles de asistentes en el mosaico tur\u00edstico del estado con sus tradiciones, artesan\u00edas y gastronom\u00eda, fortaleciendo su posicionamiento como un referente destino tur\u00edstico.<\/p>\n","protected":false},"excerpt":{"rendered":"<p>-Una ventana para mostrar nuestras bellezas naturales y el folclor: Benjam\u00edn Hern\u00e1ndez Rodr\u00edguez Por: Agencias Ciudad Victoria, Tamaulipas \u2013 Tamaulipas es uno de los tres estados invitados a la \u201cFeria Nacional Nayarit 2025\u201d, al lado de Oaxaca y Veracruz, en un evento anual que muestra la riqueza cultural, gastron\u00f3mica y art\u00edstica. La participaci\u00f3n de Tamaulipas &hellip;<\/p>\n","protected":false},"author":1,"featured_media":14814,"comment_status":"open","ping_status":"open","sticky":false,"template":"","format":"standard","meta":{"footnotes":""},"categories":[39],"tags":[],"class_list":["post-14813","post","type-post","status-publish","format-standard","has-post-thumbnail","","category-tamaulipas"],"_links":{"self":[{"href":"https:\/\/www.radiointeractivo.com.mx\/index.php?rest_route=\/wp\/v2\/posts\/14813","targetHints":{"allow":["GET"]}}],"collection":[{"href":"https:\/\/www.radiointeractivo.com.mx\/index.php?rest_route=\/wp\/v2\/posts"}],"about":[{"href":"https:\/\/www.radiointeractivo.com.mx\/index.php?rest_route=\/wp\/v2\/types\/post"}],"author":[{"embeddable":true,"href":"https:\/\/www.radiointeractivo.com.mx\/index.php?rest_route=\/wp\/v2\/users\/1"}],"replies":[{"embeddable":true,"href":"https:\/\/www.radiointeractivo.com.mx\/index.php?rest_route=%2Fwp%2Fv2%2Fcomments&post=14813"}],"version-history":[{"count":1,"href":"https:\/\/www.radiointeractivo.com.mx\/index.php?rest_route=\/wp\/v2\/posts\/14813\/revisions"}],"predecessor-version":[{"id":14815,"href":"https:\/\/www.radiointeractivo.com.mx\/index.php?rest_route=\/wp\/v2\/posts\/14813\/revisions\/14815"}],"wp:featuredmedia":[{"embeddable":true,"href":"https:\/\/www.radiointeractivo.com.mx\/index.php?rest_route=\/wp\/v2\/media\/14814"}],"wp:attachment":[{"href":"https:\/\/www.radiointeractivo.com.mx\/index.php?rest_route=%2Fwp%2Fv2%2Fmedia&parent=14813"}],"wp:term":[{"taxonomy":"category","embeddable":true,"href":"https:\/\/www.radiointeractivo.com.mx\/index.php?rest_route=%2Fwp%2Fv2%2Fcategories&post=14813"},{"taxonomy":"post_tag","embeddable":true,"href":"https:\/\/www.radiointeractivo.com.mx\/index.php?rest_route=%2Fwp%2Fv2%2Ftags&post=14813"}],"curies":[{"name":"wp","href":"https:\/\/api.w.org\/{rel}","templated":true}]}}