{"id":14786,"date":"2025-03-10T22:50:42","date_gmt":"2025-03-11T03:50:42","guid":{"rendered":"https:\/\/www.radiointeractivo.com.mx\/?p=14786"},"modified":"2025-03-10T22:50:44","modified_gmt":"2025-03-11T03:50:44","slug":"conmemoran-cedes-de-tamaulipas-el-8m-con-actividades-de-sensibilizacion-y-desarrollo-personal","status":"publish","type":"post","link":"https:\/\/www.radiointeractivo.com.mx\/?p=14786","title":{"rendered":"Conmemoran CEDES de Tamaulipas el 8M con actividades de sensibilizaci\u00f3n y desarrollo personal"},"content":{"rendered":"\n<figure class=\"wp-block-image size-large\"><img loading=\"lazy\" decoding=\"async\" width=\"1024\" height=\"682\" src=\"https:\/\/www.radiointeractivo.com.mx\/wp-content\/uploads\/2025\/03\/WhatsApp-Image-2025-03-10-at-5.24.44-PM-1024x682.jpeg\" alt=\"\" class=\"wp-image-14787\" srcset=\"https:\/\/www.radiointeractivo.com.mx\/wp-content\/uploads\/2025\/03\/WhatsApp-Image-2025-03-10-at-5.24.44-PM-1024x682.jpeg 1024w, https:\/\/www.radiointeractivo.com.mx\/wp-content\/uploads\/2025\/03\/WhatsApp-Image-2025-03-10-at-5.24.44-PM-300x200.jpeg 300w, https:\/\/www.radiointeractivo.com.mx\/wp-content\/uploads\/2025\/03\/WhatsApp-Image-2025-03-10-at-5.24.44-PM-768x512.jpeg 768w, https:\/\/www.radiointeractivo.com.mx\/wp-content\/uploads\/2025\/03\/WhatsApp-Image-2025-03-10-at-5.24.44-PM-1536x1023.jpeg 1536w, https:\/\/www.radiointeractivo.com.mx\/wp-content\/uploads\/2025\/03\/WhatsApp-Image-2025-03-10-at-5.24.44-PM-310x205.jpeg 310w, https:\/\/www.radiointeractivo.com.mx\/wp-content\/uploads\/2025\/03\/WhatsApp-Image-2025-03-10-at-5.24.44-PM.jpeg 1600w\" sizes=\"auto, (max-width: 1024px) 100vw, 1024px\" \/><\/figure>\n\n\n\n<p>-A trav\u00e9s del deporte, el arte, cultura y la salud se promueve la reinserci\u00f3n social<\/p>\n\n\n\n<p>Por: Agencias<\/p>\n\n\n\n<p>Ciudad Victoria, Tamaulipas.- En los Centros de Ejecuci\u00f3n de Sanciones (CEDES) de Tamaulipas, las mujeres en proceso de reinserci\u00f3n social participaron en diversas actividades con motivo del D\u00eda Internacional de la Mujer, enfocadas en fortalecer su autoestima, salud y derechos.<\/p>\n\n\n\n<p>En Reynosa, la conmemoraci\u00f3n incluy\u00f3 una charla sobre maternidad responsable, brindada por el Departamento de Psicolog\u00eda, con la intenci\u00f3n de minimizar los efectos del confinamiento en los hijos de las internas.<\/p>\n\n\n\n<p>En Victoria, se promovi\u00f3 la salud con una pl\u00e1tica sobre prevenci\u00f3n de VIH y VPH, adem\u00e1s de una jornada cultural donde se leyeron los antecedentes del 8M y un poema dedicado a las mujeres.<\/p>\n\n\n\n<p>Las internas tambi\u00e9n participaron en un partido de voleibol y elaboraron el \u201cMural 8M\u201d, resaltando a figuras femeninas que han marcado la historia de M\u00e9xico.<\/p>\n\n\n\n<p>En Matamoros, la solidaridad se hizo presente con la visita de jueces de control de la Tercera Regi\u00f3n Judicial del Estado, quienes donaron productos de higiene personal para las internas. Adem\u00e1s, la directora de la fundaci\u00f3n &#8220;Manos de Amor&#8221;, Paola Lorena Figueroa Ruiz, ofreci\u00f3 una conferencia sobre el empoderamiento femenino.<\/p>\n\n\n\n<p>En Altamira, la actividad f\u00edsica fue protagonista con un rally deportivo, donde las mujeres participaron en pruebas de velocidad, fuerza y coordinaci\u00f3n, fomentando la convivencia y el trabajo en equipo.<\/p>\n\n\n\n<p>A trav\u00e9s de estas acciones, la Subsecretar\u00eda de Ejecuci\u00f3n de Sanciones y Reinserci\u00f3n Social destaca la importancia de seguir implementando estrategias que promuevan el respeto a los derechos humanos de las mujeres privadas de la libertad, proporcion\u00e1ndoles herramientas que les permitan construir un futuro con mejores oportunidades.<\/p>\n","protected":false},"excerpt":{"rendered":"<p>-A trav\u00e9s del deporte, el arte, cultura y la salud se promueve la reinserci\u00f3n social Por: Agencias Ciudad Victoria, Tamaulipas.- En los Centros de Ejecuci\u00f3n de Sanciones (CEDES) de Tamaulipas, las mujeres en proceso de reinserci\u00f3n social participaron en diversas actividades con motivo del D\u00eda Internacional de la Mujer, enfocadas en fortalecer su autoestima, salud &hellip;<\/p>\n","protected":false},"author":1,"featured_media":14787,"comment_status":"open","ping_status":"open","sticky":false,"template":"","format":"standard","meta":{"footnotes":""},"categories":[39],"tags":[],"class_list":["post-14786","post","type-post","status-publish","format-standard","has-post-thumbnail","","category-tamaulipas"],"_links":{"self":[{"href":"https:\/\/www.radiointeractivo.com.mx\/index.php?rest_route=\/wp\/v2\/posts\/14786","targetHints":{"allow":["GET"]}}],"collection":[{"href":"https:\/\/www.radiointeractivo.com.mx\/index.php?rest_route=\/wp\/v2\/posts"}],"about":[{"href":"https:\/\/www.radiointeractivo.com.mx\/index.php?rest_route=\/wp\/v2\/types\/post"}],"author":[{"embeddable":true,"href":"https:\/\/www.radiointeractivo.com.mx\/index.php?rest_route=\/wp\/v2\/users\/1"}],"replies":[{"embeddable":true,"href":"https:\/\/www.radiointeractivo.com.mx\/index.php?rest_route=%2Fwp%2Fv2%2Fcomments&post=14786"}],"version-history":[{"count":1,"href":"https:\/\/www.radiointeractivo.com.mx\/index.php?rest_route=\/wp\/v2\/posts\/14786\/revisions"}],"predecessor-version":[{"id":14788,"href":"https:\/\/www.radiointeractivo.com.mx\/index.php?rest_route=\/wp\/v2\/posts\/14786\/revisions\/14788"}],"wp:featuredmedia":[{"embeddable":true,"href":"https:\/\/www.radiointeractivo.com.mx\/index.php?rest_route=\/wp\/v2\/media\/14787"}],"wp:attachment":[{"href":"https:\/\/www.radiointeractivo.com.mx\/index.php?rest_route=%2Fwp%2Fv2%2Fmedia&parent=14786"}],"wp:term":[{"taxonomy":"category","embeddable":true,"href":"https:\/\/www.radiointeractivo.com.mx\/index.php?rest_route=%2Fwp%2Fv2%2Fcategories&post=14786"},{"taxonomy":"post_tag","embeddable":true,"href":"https:\/\/www.radiointeractivo.com.mx\/index.php?rest_route=%2Fwp%2Fv2%2Ftags&post=14786"}],"curies":[{"name":"wp","href":"https:\/\/api.w.org\/{rel}","templated":true}]}}