{"id":1471,"date":"2023-09-05T16:12:01","date_gmt":"2023-09-05T21:12:01","guid":{"rendered":"https:\/\/www.radiointeractivo.com.mx\/?p=1471"},"modified":"2023-09-05T16:12:03","modified_gmt":"2023-09-05T21:12:03","slug":"activa-secretaria-de-salud-campana-de-vacunacion-anticovid-para-ninas-y-ninos-de-5-a-11-anos","status":"publish","type":"post","link":"https:\/\/www.radiointeractivo.com.mx\/?p=1471","title":{"rendered":"Activa Secretar\u00eda de Salud campa\u00f1a de vacunaci\u00f3n anticovid para ni\u00f1as y ni\u00f1os de 5 a 11 a\u00f1os"},"content":{"rendered":"\n<p>Por: Agencias<\/p>\n\n\n\n<p>Ciudad Victoria, Tamaulipas. &#8211; El gobierno del doctor Am\u00e9rico Villarreal Anaya, a trav\u00e9s de la Secretar\u00eda de Salud, dio inicio a la campa\u00f1a de vacunaci\u00f3n anticovid para los menores de 5 a 11 a\u00f1os de edad, inform\u00f3 el titular de la dependencia, Vicente Joel Hern\u00e1ndez Navarro, al se\u00f1alar que se contempla la aplicaci\u00f3n de unas 11 mil 160 dosis de vacuna Pfizer para este grupo de edad.<\/p>\n\n\n\n<p>Dijo que se aplicar\u00e1n los refuerzos a los menores que est\u00e1n pendientes y los m\u00f3dulos de vacunaci\u00f3n estar\u00e1n instalados en Centros de Salud rectores de las Jurisdicciones Sanitarias de Victoria, Tampico, Mante, San Fernando, Jaumave, Padilla y Altamira; Cl\u00ednicas del ISSSTE de Tampico, Matamoros, Reynosa, R\u00edo Bravo y Mante; Hospital Regional Militar y los Hospitales Regionales de PEMEX en Madero y Reynosa.<\/p>\n\n\n\n<p>\u201cCon esta jornada se cumplen las necesidades de la poblaci\u00f3n de completar los esquemas de esta vacuna entre la poblaci\u00f3n infantil, as\u00ed como aplicar refuerzos a los pacientes pedi\u00e1tricos que presenten comorbilidades; gracias al apoyo y gestiones del gobernador, Am\u00e9rico Villarreal Anaya, se obtienen las dosis necesarias para cubrir a estos grupos\u201d, se\u00f1al\u00f3.<\/p>\n\n\n\n<p>Mencion\u00f3 que por el momento son 11 municipios en los que se activaron las jornadas desde el lunes 4 de septiembre y concluir\u00e1n el 16 del mismo mes, los horarios y fechas, as\u00ed como los lugares de aplicaci\u00f3n se sujetar\u00e1n de acuerdo al municipio y la demanda de la poblaci\u00f3n.<\/p>\n\n\n\n<p>De igual manera, podr\u00e1n acudir tambi\u00e9n las personas mayores de 18 a\u00f1os a estos mismos puestos de vacunaci\u00f3n para la aplicaci\u00f3n de la vacuna Abdala para cubrir primeras, segundas, terceras dosis, as\u00ed como refuerzos y para quienes ya cuentan con el esquema completo, se invita a que se sigan vacunando cada a\u00f1o como una manera de prevenci\u00f3n.<\/p>\n\n\n\n<p>Para mayor informaci\u00f3n sobre las fechas y horarios consulta las paginas oficiales de la Secretar\u00eda de Salud, al siguiente link https:\/\/m.facebook.com\/story.php?story_fbid=pfbid02JyWo88zivGV2KnB5o9us7uPSQYDLM47tm6YmfEfR2pv4aBFSQyAygvHzCBjqCBQKl&amp;id=100064933200314&amp;mibextid=Nif5oz<\/p>\n","protected":false},"excerpt":{"rendered":"<p>Por: Agencias Ciudad Victoria, Tamaulipas. &#8211; El gobierno del doctor Am\u00e9rico Villarreal Anaya, a trav\u00e9s de la Secretar\u00eda de Salud, dio inicio a la campa\u00f1a de vacunaci\u00f3n anticovid para los menores de 5 a 11 a\u00f1os de edad, inform\u00f3 el titular de la dependencia, Vicente Joel Hern\u00e1ndez Navarro, al se\u00f1alar que se contempla la aplicaci\u00f3n &hellip;<\/p>\n","protected":false},"author":1,"featured_media":1472,"comment_status":"open","ping_status":"open","sticky":false,"template":"","format":"standard","meta":{"footnotes":""},"categories":[39],"tags":[],"class_list":["post-1471","post","type-post","status-publish","format-standard","has-post-thumbnail","","category-tamaulipas"],"_links":{"self":[{"href":"https:\/\/www.radiointeractivo.com.mx\/index.php?rest_route=\/wp\/v2\/posts\/1471","targetHints":{"allow":["GET"]}}],"collection":[{"href":"https:\/\/www.radiointeractivo.com.mx\/index.php?rest_route=\/wp\/v2\/posts"}],"about":[{"href":"https:\/\/www.radiointeractivo.com.mx\/index.php?rest_route=\/wp\/v2\/types\/post"}],"author":[{"embeddable":true,"href":"https:\/\/www.radiointeractivo.com.mx\/index.php?rest_route=\/wp\/v2\/users\/1"}],"replies":[{"embeddable":true,"href":"https:\/\/www.radiointeractivo.com.mx\/index.php?rest_route=%2Fwp%2Fv2%2Fcomments&post=1471"}],"version-history":[{"count":1,"href":"https:\/\/www.radiointeractivo.com.mx\/index.php?rest_route=\/wp\/v2\/posts\/1471\/revisions"}],"predecessor-version":[{"id":1473,"href":"https:\/\/www.radiointeractivo.com.mx\/index.php?rest_route=\/wp\/v2\/posts\/1471\/revisions\/1473"}],"wp:featuredmedia":[{"embeddable":true,"href":"https:\/\/www.radiointeractivo.com.mx\/index.php?rest_route=\/wp\/v2\/media\/1472"}],"wp:attachment":[{"href":"https:\/\/www.radiointeractivo.com.mx\/index.php?rest_route=%2Fwp%2Fv2%2Fmedia&parent=1471"}],"wp:term":[{"taxonomy":"category","embeddable":true,"href":"https:\/\/www.radiointeractivo.com.mx\/index.php?rest_route=%2Fwp%2Fv2%2Fcategories&post=1471"},{"taxonomy":"post_tag","embeddable":true,"href":"https:\/\/www.radiointeractivo.com.mx\/index.php?rest_route=%2Fwp%2Fv2%2Ftags&post=1471"}],"curies":[{"name":"wp","href":"https:\/\/api.w.org\/{rel}","templated":true}]}}