{"id":1468,"date":"2023-09-05T15:57:34","date_gmt":"2023-09-05T20:57:34","guid":{"rendered":"https:\/\/www.radiointeractivo.com.mx\/?p=1468"},"modified":"2023-09-05T15:57:35","modified_gmt":"2023-09-05T20:57:35","slug":"sesiona-coordinacion-estatal-del-mecanismo-para-la-proteccion-de-personas-defensoras-de-derechos-humanos-y-periodistas","status":"publish","type":"post","link":"https:\/\/www.radiointeractivo.com.mx\/?p=1468","title":{"rendered":"Sesiona Coordinaci\u00f3n Estatal del Mecanismo para la Protecci\u00f3n de Personas Defensoras de Derechos Humanos y Periodistas"},"content":{"rendered":"\n<p>Por: Agencias<\/p>\n\n\n\n<p>Ciudad Victoria, Tamaulipas. &#8211; En sesi\u00f3n de la Coordinaci\u00f3n Estatal del Mecanismo para la Protecci\u00f3n de Personas Defensoras de Derechos Humanos y Periodistas, se llev\u00f3 a cabo la toma de protesta del nuevo presidente, Jos\u00e9 Ram\u00edrez L\u00f3pez, director de Control y Seguimiento de Recomendaciones de Derechos Humanos, quien a su vez, representa a la Secretar\u00eda General de Gobierno.<\/p>\n\n\n\n<p>Ram\u00edrez L\u00f3pez se comprometi\u00f3 a fortalecer y ampliar las acciones del Mecanismo y a construir alianzas estrat\u00e9gicas, promoviendo pol\u00edticas y medidas eficaces, para garantizar la protecci\u00f3n integral de las personas defensoras de derechos humanos y periodistas en Tamaulipas.<\/p>\n\n\n\n<p>Durante la sesi\u00f3n se present\u00f3 un informe de las \u00faltimas actividades realizadas, con lo cual se destaca el compromiso del gobernador Am\u00e9rico Villarreal Anaya y del secretario general de Gobierno, H\u00e9ctor Joel Villegas Gonz\u00e1lez, en la implementaci\u00f3n de pol\u00edticas y acciones que fortalecen la protecci\u00f3n de las personas defensoras de derechos humanos y periodistas.<\/p>\n\n\n\n<p>En dicha sesi\u00f3n estuvieron presentes los integrantes de la Coordinaci\u00f3n Estatal del Mecanismo; en representaci\u00f3n de la Fiscal\u00eda General de Justicia, Craig L\u00f3pez Olgu\u00edn, director General de Asuntos Jur\u00eddicos y Derechos Humanos; en representaci\u00f3n de la Secretar\u00eda de Seguridad P\u00fablica, Carlos Alberto Acu\u00f1a Ronquillo, director de personal; por parte de la Comisi\u00f3n de Derechos Humanos de Tamaulipas, el subsecretario t\u00e9cnico Gustavo Guadalupe Leal Gonz\u00e1lez y por la Subsecretar\u00eda de Legalidad y Servicios Gubernamentales, Roxana Guerrero Galv\u00e1n directora de Asuntos Jur\u00eddicos de la Comisi\u00f3n Estatal de Atenci\u00f3n a V\u00edctimas.<\/p>\n","protected":false},"excerpt":{"rendered":"<p>Por: Agencias Ciudad Victoria, Tamaulipas. &#8211; En sesi\u00f3n de la Coordinaci\u00f3n Estatal del Mecanismo para la Protecci\u00f3n de Personas Defensoras de Derechos Humanos y Periodistas, se llev\u00f3 a cabo la toma de protesta del nuevo presidente, Jos\u00e9 Ram\u00edrez L\u00f3pez, director de Control y Seguimiento de Recomendaciones de Derechos Humanos, quien a su vez, representa a &hellip;<\/p>\n","protected":false},"author":1,"featured_media":1469,"comment_status":"open","ping_status":"open","sticky":false,"template":"","format":"standard","meta":{"footnotes":""},"categories":[39],"tags":[],"class_list":["post-1468","post","type-post","status-publish","format-standard","has-post-thumbnail","","category-tamaulipas"],"_links":{"self":[{"href":"https:\/\/www.radiointeractivo.com.mx\/index.php?rest_route=\/wp\/v2\/posts\/1468","targetHints":{"allow":["GET"]}}],"collection":[{"href":"https:\/\/www.radiointeractivo.com.mx\/index.php?rest_route=\/wp\/v2\/posts"}],"about":[{"href":"https:\/\/www.radiointeractivo.com.mx\/index.php?rest_route=\/wp\/v2\/types\/post"}],"author":[{"embeddable":true,"href":"https:\/\/www.radiointeractivo.com.mx\/index.php?rest_route=\/wp\/v2\/users\/1"}],"replies":[{"embeddable":true,"href":"https:\/\/www.radiointeractivo.com.mx\/index.php?rest_route=%2Fwp%2Fv2%2Fcomments&post=1468"}],"version-history":[{"count":1,"href":"https:\/\/www.radiointeractivo.com.mx\/index.php?rest_route=\/wp\/v2\/posts\/1468\/revisions"}],"predecessor-version":[{"id":1470,"href":"https:\/\/www.radiointeractivo.com.mx\/index.php?rest_route=\/wp\/v2\/posts\/1468\/revisions\/1470"}],"wp:featuredmedia":[{"embeddable":true,"href":"https:\/\/www.radiointeractivo.com.mx\/index.php?rest_route=\/wp\/v2\/media\/1469"}],"wp:attachment":[{"href":"https:\/\/www.radiointeractivo.com.mx\/index.php?rest_route=%2Fwp%2Fv2%2Fmedia&parent=1468"}],"wp:term":[{"taxonomy":"category","embeddable":true,"href":"https:\/\/www.radiointeractivo.com.mx\/index.php?rest_route=%2Fwp%2Fv2%2Fcategories&post=1468"},{"taxonomy":"post_tag","embeddable":true,"href":"https:\/\/www.radiointeractivo.com.mx\/index.php?rest_route=%2Fwp%2Fv2%2Ftags&post=1468"}],"curies":[{"name":"wp","href":"https:\/\/api.w.org\/{rel}","templated":true}]}}