{"id":14673,"date":"2025-03-05T17:58:05","date_gmt":"2025-03-05T23:58:05","guid":{"rendered":"https:\/\/www.radiointeractivo.com.mx\/?p=14673"},"modified":"2025-03-05T17:58:07","modified_gmt":"2025-03-05T23:58:07","slug":"presenta-itea-informe-en-sesion-ordinaria-de-junta-directiva","status":"publish","type":"post","link":"https:\/\/www.radiointeractivo.com.mx\/?p=14673","title":{"rendered":"Presenta ITEA informe en sesi\u00f3n ordinaria de junta directiva"},"content":{"rendered":"\n<figure class=\"wp-block-image size-large\"><img loading=\"lazy\" decoding=\"async\" width=\"1024\" height=\"559\" src=\"https:\/\/www.radiointeractivo.com.mx\/wp-content\/uploads\/2025\/03\/WhatsApp-Image-2025-03-05-at-1.54.51-PM-1024x559.jpeg\" alt=\"\" class=\"wp-image-14674\" srcset=\"https:\/\/www.radiointeractivo.com.mx\/wp-content\/uploads\/2025\/03\/WhatsApp-Image-2025-03-05-at-1.54.51-PM-1024x559.jpeg 1024w, https:\/\/www.radiointeractivo.com.mx\/wp-content\/uploads\/2025\/03\/WhatsApp-Image-2025-03-05-at-1.54.51-PM-300x164.jpeg 300w, https:\/\/www.radiointeractivo.com.mx\/wp-content\/uploads\/2025\/03\/WhatsApp-Image-2025-03-05-at-1.54.51-PM-768x420.jpeg 768w, https:\/\/www.radiointeractivo.com.mx\/wp-content\/uploads\/2025\/03\/WhatsApp-Image-2025-03-05-at-1.54.51-PM-1536x839.jpeg 1536w, https:\/\/www.radiointeractivo.com.mx\/wp-content\/uploads\/2025\/03\/WhatsApp-Image-2025-03-05-at-1.54.51-PM.jpeg 1600w\" sizes=\"auto, (max-width: 1024px) 100vw, 1024px\" \/><\/figure>\n\n\n\n<p>Por: Agencias<\/p>\n\n\n\n<p>Ciudad Victoria, Tamaulipas.\u2013 La directora general del Instituto Tamaulipeco de Educaci\u00f3n para Adultos (ITEA), Gloria Guadalupe Gonz\u00e1lez Gonz\u00e1lez, present\u00f3 ante los integrantes de la junta directiva del instituto un informe de actividades.<\/p>\n\n\n\n<p>Durante su encuentro con este cuerpo colegiado, agradeci\u00f3 el apoyo de cada una de las instancias al permitir que se aprovechen los espacios como c\u00edrculos de estudio para las personas educandas que se atienden, tanto en asesor\u00edas como en plazas comunitarias.<\/p>\n\n\n\n<p>\u201cLa idea es hacer uso de cada uno de los espacios que se brinden por parte del Gobierno del Estado, de la Secretar\u00eda de Educaci\u00f3n y de instituciones privadas que buscan sumarse a esta labor\u201d, expres\u00f3 la funcionaria.<\/p>\n\n\n\n<p>En representaci\u00f3n de Luc\u00eda Aim\u00e9 Castillo Pastor, secretaria de Educaci\u00f3n, se cont\u00f3 con la presencia de Guadalupe Acosta Villarreal, subsecretario de Educaci\u00f3n Media Superior y Superior, quien presidi\u00f3 la junta y resalt\u00f3 la gran labor que hace el ITEA para llegar a las y los tamaulipecos que no concluyeron su educaci\u00f3n b\u00e1sica.<\/p>\n\n\n\n<p>\u201cEn cuanto al abatimiento del rezago educativo, es un logro muy importante para el estado, ya que hay un trabajo intenso por parte de todos al recuperar este sector poblacional, que es de los m\u00e1s desprotegidos, y buscar que haya para ellos un \u00e1rea de oportunidad en educaci\u00f3n\u201d, precis\u00f3.<\/p>\n\n\n\n<p>Se cont\u00f3 tambi\u00e9n con la presencia, v\u00eda digital, de Rodolfo Quintanilla Dur\u00e1n, subdirector de Operaci\u00f3n Regi\u00f3n C, quien, en representaci\u00f3n del director general del INEA, Armando Contreras, reconoci\u00f3 la labor de Tamaulipas por la serie de actividades realizadas que impactan en la reducci\u00f3n del rezago educativo.<\/p>\n\n\n\n<p>\u201cSin duda, esto representa un gran reto, y estoy seguro de que el Instituto atender\u00e1 el compromiso de alfabetizaci\u00f3n, primaria y secundaria con la implementaci\u00f3n de estrategias para este a\u00f1o\u201d, puntualiz\u00f3.<\/p>\n\n\n\n<p>En la reuni\u00f3n tambi\u00e9n estuvieron presentes representantes de la Secretar\u00eda General de Gobierno, las secretar\u00edas de Finanzas, Administraci\u00f3n, Bienestar Social y la Oficina de Enlace Educativo en Tamaulipas, as\u00ed como representantes del SNTEA y la Contralor\u00eda Gubernamental, reafirmando todos el compromiso del Gobierno del Estado, que, bajo el mando del gobernador Am\u00e9rico Villarreal Anaya, trabaja para ofrecer m\u00e1s y mejores oportunidades a todas y todos los tamaulipecos.<\/p>\n","protected":false},"excerpt":{"rendered":"<p>Por: Agencias Ciudad Victoria, Tamaulipas.\u2013 La directora general del Instituto Tamaulipeco de Educaci\u00f3n para Adultos (ITEA), Gloria Guadalupe Gonz\u00e1lez Gonz\u00e1lez, present\u00f3 ante los integrantes de la junta directiva del instituto un informe de actividades. Durante su encuentro con este cuerpo colegiado, agradeci\u00f3 el apoyo de cada una de las instancias al permitir que se aprovechen &hellip;<\/p>\n","protected":false},"author":1,"featured_media":14674,"comment_status":"open","ping_status":"open","sticky":false,"template":"","format":"standard","meta":{"footnotes":""},"categories":[39],"tags":[],"class_list":["post-14673","post","type-post","status-publish","format-standard","has-post-thumbnail","","category-tamaulipas"],"_links":{"self":[{"href":"https:\/\/www.radiointeractivo.com.mx\/index.php?rest_route=\/wp\/v2\/posts\/14673","targetHints":{"allow":["GET"]}}],"collection":[{"href":"https:\/\/www.radiointeractivo.com.mx\/index.php?rest_route=\/wp\/v2\/posts"}],"about":[{"href":"https:\/\/www.radiointeractivo.com.mx\/index.php?rest_route=\/wp\/v2\/types\/post"}],"author":[{"embeddable":true,"href":"https:\/\/www.radiointeractivo.com.mx\/index.php?rest_route=\/wp\/v2\/users\/1"}],"replies":[{"embeddable":true,"href":"https:\/\/www.radiointeractivo.com.mx\/index.php?rest_route=%2Fwp%2Fv2%2Fcomments&post=14673"}],"version-history":[{"count":1,"href":"https:\/\/www.radiointeractivo.com.mx\/index.php?rest_route=\/wp\/v2\/posts\/14673\/revisions"}],"predecessor-version":[{"id":14675,"href":"https:\/\/www.radiointeractivo.com.mx\/index.php?rest_route=\/wp\/v2\/posts\/14673\/revisions\/14675"}],"wp:featuredmedia":[{"embeddable":true,"href":"https:\/\/www.radiointeractivo.com.mx\/index.php?rest_route=\/wp\/v2\/media\/14674"}],"wp:attachment":[{"href":"https:\/\/www.radiointeractivo.com.mx\/index.php?rest_route=%2Fwp%2Fv2%2Fmedia&parent=14673"}],"wp:term":[{"taxonomy":"category","embeddable":true,"href":"https:\/\/www.radiointeractivo.com.mx\/index.php?rest_route=%2Fwp%2Fv2%2Fcategories&post=14673"},{"taxonomy":"post_tag","embeddable":true,"href":"https:\/\/www.radiointeractivo.com.mx\/index.php?rest_route=%2Fwp%2Fv2%2Ftags&post=14673"}],"curies":[{"name":"wp","href":"https:\/\/api.w.org\/{rel}","templated":true}]}}