{"id":14652,"date":"2025-03-05T15:34:31","date_gmt":"2025-03-05T21:34:31","guid":{"rendered":"https:\/\/www.radiointeractivo.com.mx\/?p=14652"},"modified":"2025-03-05T15:34:35","modified_gmt":"2025-03-05T21:34:35","slug":"imjuve-y-tec-milenio-firman-convenio-para-becar-a-estudiantes-de-preparatoria","status":"publish","type":"post","link":"https:\/\/www.radiointeractivo.com.mx\/?p=14652","title":{"rendered":"IMJUVE Y TEC MILENIO FIRMAN CONVENIO PARA BECAR A ESTUDIANTES DE PREPARATORIA"},"content":{"rendered":"\n<figure class=\"wp-block-image size-large\"><img loading=\"lazy\" decoding=\"async\" width=\"1024\" height=\"684\" src=\"https:\/\/www.radiointeractivo.com.mx\/wp-content\/uploads\/2025\/03\/WhatsApp-Image-2025-03-05-at-12.57.47-PM-1024x684.jpeg\" alt=\"\" class=\"wp-image-14653\" srcset=\"https:\/\/www.radiointeractivo.com.mx\/wp-content\/uploads\/2025\/03\/WhatsApp-Image-2025-03-05-at-12.57.47-PM-1024x684.jpeg 1024w, https:\/\/www.radiointeractivo.com.mx\/wp-content\/uploads\/2025\/03\/WhatsApp-Image-2025-03-05-at-12.57.47-PM-300x200.jpeg 300w, https:\/\/www.radiointeractivo.com.mx\/wp-content\/uploads\/2025\/03\/WhatsApp-Image-2025-03-05-at-12.57.47-PM-768x513.jpeg 768w, https:\/\/www.radiointeractivo.com.mx\/wp-content\/uploads\/2025\/03\/WhatsApp-Image-2025-03-05-at-12.57.47-PM-1536x1026.jpeg 1536w, https:\/\/www.radiointeractivo.com.mx\/wp-content\/uploads\/2025\/03\/WhatsApp-Image-2025-03-05-at-12.57.47-PM.jpeg 1600w\" sizes=\"auto, (max-width: 1024px) 100vw, 1024px\" \/><\/figure>\n\n\n\n<p>Por: Staff | #NuevoLaredo #Laredo #NLD #Tamaulipas<\/p>\n\n\n\n<p>El Instituto Municipal de la Juventud de Nuevo Laredo y el Tec Milenio firmaron un convenio de colaboraci\u00f3n de becas del 100 por ciento en beneficio de los estudiantes egresados del Centro de Bachillerato Tecnol\u00f3gico Industrial y de Servicios (CBTIS) 137.<\/p>\n\n\n\n<p>Jes\u00fas Espinoza, director del IMJUVE se\u00f1al\u00f3 que este programa ha becado a decenas de j\u00f3venes con el objetivo de brindar oportunidades para que contin\u00faen sus estudios.<\/p>\n\n\n\n<p>\u201cEste convenio es parte de las acciones que impulsa la alcaldesa Carmen Lilia Canturosas Villarreal para estimular a los estudiantes de Nuevo Laredo a continuar aprendiendo y profesionalizarse. Hemos becado a m\u00e1s de 35 alumnos desde la primera firma de convenio\u201d, destac\u00f3 el director.<\/p>\n\n\n\n<p>El evento se llev\u00f3 a cabo en el CBTIS- 137, con la presencia del director Jos\u00e9 Lorenzo Villegas, qui\u00e9n agradeci\u00f3 a la presidenta municipal y al IMJUVE por la realizaci\u00f3n de este programa que sin duda es un apoyo importante para los j\u00f3venes y les brinda la elecci\u00f3n de elegir la carrera que m\u00e1s deseen.<\/p>\n\n\n\n<p>Este convenio consiste en brindar becas por los cuatro a\u00f1os de carrera de los estudiantes quienes deber\u00e1n presentar un proyecto de beneficio para la comunidad, tener como calificaci\u00f3n 8.6 en adelante, tambi\u00e9n hay diferentes porcentajes de beca dependiendo de las aptitudes de los alumnos.<\/p>\n","protected":false},"excerpt":{"rendered":"<p>Por: Staff | #NuevoLaredo #Laredo #NLD #Tamaulipas El Instituto Municipal de la Juventud de Nuevo Laredo y el Tec Milenio firmaron un convenio de colaboraci\u00f3n de becas del 100 por ciento en beneficio de los estudiantes egresados del Centro de Bachillerato Tecnol\u00f3gico Industrial y de Servicios (CBTIS) 137. Jes\u00fas Espinoza, director del IMJUVE se\u00f1al\u00f3 que &hellip;<\/p>\n","protected":false},"author":1,"featured_media":14653,"comment_status":"open","ping_status":"open","sticky":false,"template":"","format":"standard","meta":{"footnotes":""},"categories":[39],"tags":[],"class_list":["post-14652","post","type-post","status-publish","format-standard","has-post-thumbnail","","category-tamaulipas"],"_links":{"self":[{"href":"https:\/\/www.radiointeractivo.com.mx\/index.php?rest_route=\/wp\/v2\/posts\/14652","targetHints":{"allow":["GET"]}}],"collection":[{"href":"https:\/\/www.radiointeractivo.com.mx\/index.php?rest_route=\/wp\/v2\/posts"}],"about":[{"href":"https:\/\/www.radiointeractivo.com.mx\/index.php?rest_route=\/wp\/v2\/types\/post"}],"author":[{"embeddable":true,"href":"https:\/\/www.radiointeractivo.com.mx\/index.php?rest_route=\/wp\/v2\/users\/1"}],"replies":[{"embeddable":true,"href":"https:\/\/www.radiointeractivo.com.mx\/index.php?rest_route=%2Fwp%2Fv2%2Fcomments&post=14652"}],"version-history":[{"count":1,"href":"https:\/\/www.radiointeractivo.com.mx\/index.php?rest_route=\/wp\/v2\/posts\/14652\/revisions"}],"predecessor-version":[{"id":14654,"href":"https:\/\/www.radiointeractivo.com.mx\/index.php?rest_route=\/wp\/v2\/posts\/14652\/revisions\/14654"}],"wp:featuredmedia":[{"embeddable":true,"href":"https:\/\/www.radiointeractivo.com.mx\/index.php?rest_route=\/wp\/v2\/media\/14653"}],"wp:attachment":[{"href":"https:\/\/www.radiointeractivo.com.mx\/index.php?rest_route=%2Fwp%2Fv2%2Fmedia&parent=14652"}],"wp:term":[{"taxonomy":"category","embeddable":true,"href":"https:\/\/www.radiointeractivo.com.mx\/index.php?rest_route=%2Fwp%2Fv2%2Fcategories&post=14652"},{"taxonomy":"post_tag","embeddable":true,"href":"https:\/\/www.radiointeractivo.com.mx\/index.php?rest_route=%2Fwp%2Fv2%2Ftags&post=14652"}],"curies":[{"name":"wp","href":"https:\/\/api.w.org\/{rel}","templated":true}]}}