{"id":14641,"date":"2025-03-05T00:10:51","date_gmt":"2025-03-05T06:10:51","guid":{"rendered":"https:\/\/www.radiointeractivo.com.mx\/?p=14641"},"modified":"2025-03-05T00:10:53","modified_gmt":"2025-03-05T06:10:53","slug":"vinculan-a-proceso-a-contralora-del-sexenio-panista","status":"publish","type":"post","link":"https:\/\/www.radiointeractivo.com.mx\/?p=14641","title":{"rendered":"Vinculan a proceso a contralora del sexenio panista"},"content":{"rendered":"\n<figure class=\"wp-block-image size-large\"><img loading=\"lazy\" decoding=\"async\" width=\"726\" height=\"1024\" src=\"https:\/\/www.radiointeractivo.com.mx\/wp-content\/uploads\/2025\/03\/WhatsApp-Image-2025-03-04-at-9.51.36-PM-726x1024.jpeg\" alt=\"\" class=\"wp-image-14642\" srcset=\"https:\/\/www.radiointeractivo.com.mx\/wp-content\/uploads\/2025\/03\/WhatsApp-Image-2025-03-04-at-9.51.36-PM-726x1024.jpeg 726w, https:\/\/www.radiointeractivo.com.mx\/wp-content\/uploads\/2025\/03\/WhatsApp-Image-2025-03-04-at-9.51.36-PM-213x300.jpeg 213w, https:\/\/www.radiointeractivo.com.mx\/wp-content\/uploads\/2025\/03\/WhatsApp-Image-2025-03-04-at-9.51.36-PM-768x1084.jpeg 768w, https:\/\/www.radiointeractivo.com.mx\/wp-content\/uploads\/2025\/03\/WhatsApp-Image-2025-03-04-at-9.51.36-PM-1089x1536.jpeg 1089w, https:\/\/www.radiointeractivo.com.mx\/wp-content\/uploads\/2025\/03\/WhatsApp-Image-2025-03-04-at-9.51.36-PM.jpeg 1134w\" sizes=\"auto, (max-width: 726px) 100vw, 726px\" \/><\/figure>\n\n\n\n<p>Por: Agencias<\/p>\n\n\n\n<p>Ciudad Victoria, Tamaulipas. &#8211; Un juez de Control de Tamaulipas vincul\u00f3 a proceso a la ex contralora gubernamental Elda \u201cN\u201d, quien desempe\u00f1\u00f3 dicho cargo durante el gobierno encabezado por el panista Francisco Garc\u00eda Cabeza de Vaca, por los presuntos delitos de uso il\u00edcito de atribuciones y facultades, as\u00ed como desempe\u00f1o de funciones judiciales o administrativas, as\u00ed lo confirm\u00f3 Norma Ang\u00e9lica Pedraza Melo, actual contralora gubernamental del Estado de Tamaulipas.<\/p>\n\n\n\n<p>Elda \u201cN\u201d fue denunciada por la Contralor\u00eda de Tamaulipas, luego de las indagatorias correspondientes y el desahogo de pruebas, el juez de Control dict\u00f3 la vinculaci\u00f3n a proceso de la exfuncionaria por los delitos imputados y decret\u00f3 seis meses a petici\u00f3n de la defensa para el plazo de cierre de la investigaci\u00f3n.<\/p>\n","protected":false},"excerpt":{"rendered":"<p>Por: Agencias Ciudad Victoria, Tamaulipas. &#8211; Un juez de Control de Tamaulipas vincul\u00f3 a proceso a la ex contralora gubernamental Elda \u201cN\u201d, quien desempe\u00f1\u00f3 dicho cargo durante el gobierno encabezado por el panista Francisco Garc\u00eda Cabeza de Vaca, por los presuntos delitos de uso il\u00edcito de atribuciones y facultades, as\u00ed como desempe\u00f1o de funciones judiciales &hellip;<\/p>\n","protected":false},"author":1,"featured_media":14642,"comment_status":"open","ping_status":"open","sticky":false,"template":"","format":"standard","meta":{"footnotes":""},"categories":[39],"tags":[],"class_list":["post-14641","post","type-post","status-publish","format-standard","has-post-thumbnail","","category-tamaulipas"],"_links":{"self":[{"href":"https:\/\/www.radiointeractivo.com.mx\/index.php?rest_route=\/wp\/v2\/posts\/14641","targetHints":{"allow":["GET"]}}],"collection":[{"href":"https:\/\/www.radiointeractivo.com.mx\/index.php?rest_route=\/wp\/v2\/posts"}],"about":[{"href":"https:\/\/www.radiointeractivo.com.mx\/index.php?rest_route=\/wp\/v2\/types\/post"}],"author":[{"embeddable":true,"href":"https:\/\/www.radiointeractivo.com.mx\/index.php?rest_route=\/wp\/v2\/users\/1"}],"replies":[{"embeddable":true,"href":"https:\/\/www.radiointeractivo.com.mx\/index.php?rest_route=%2Fwp%2Fv2%2Fcomments&post=14641"}],"version-history":[{"count":1,"href":"https:\/\/www.radiointeractivo.com.mx\/index.php?rest_route=\/wp\/v2\/posts\/14641\/revisions"}],"predecessor-version":[{"id":14643,"href":"https:\/\/www.radiointeractivo.com.mx\/index.php?rest_route=\/wp\/v2\/posts\/14641\/revisions\/14643"}],"wp:featuredmedia":[{"embeddable":true,"href":"https:\/\/www.radiointeractivo.com.mx\/index.php?rest_route=\/wp\/v2\/media\/14642"}],"wp:attachment":[{"href":"https:\/\/www.radiointeractivo.com.mx\/index.php?rest_route=%2Fwp%2Fv2%2Fmedia&parent=14641"}],"wp:term":[{"taxonomy":"category","embeddable":true,"href":"https:\/\/www.radiointeractivo.com.mx\/index.php?rest_route=%2Fwp%2Fv2%2Fcategories&post=14641"},{"taxonomy":"post_tag","embeddable":true,"href":"https:\/\/www.radiointeractivo.com.mx\/index.php?rest_route=%2Fwp%2Fv2%2Ftags&post=14641"}],"curies":[{"name":"wp","href":"https:\/\/api.w.org\/{rel}","templated":true}]}}