{"id":14616,"date":"2025-03-04T16:48:54","date_gmt":"2025-03-04T22:48:54","guid":{"rendered":"https:\/\/www.radiointeractivo.com.mx\/?p=14616"},"modified":"2025-03-04T16:48:55","modified_gmt":"2025-03-04T22:48:55","slug":"amplian-presencia-de-agrupamiento-ciclista-delfines-de-la-guardia-estatal","status":"publish","type":"post","link":"https:\/\/www.radiointeractivo.com.mx\/?p=14616","title":{"rendered":"Ampl\u00edan presencia de agrupamiento Ciclista \u201cDelfines\u201d de la Guardia Estatal"},"content":{"rendered":"\n<figure class=\"wp-block-image size-large\"><img loading=\"lazy\" decoding=\"async\" width=\"1024\" height=\"682\" src=\"https:\/\/www.radiointeractivo.com.mx\/wp-content\/uploads\/2025\/03\/WhatsApp-Image-2025-03-04-at-3.16.28-PM-1024x682.jpeg\" alt=\"\" class=\"wp-image-14617\" srcset=\"https:\/\/www.radiointeractivo.com.mx\/wp-content\/uploads\/2025\/03\/WhatsApp-Image-2025-03-04-at-3.16.28-PM-1024x682.jpeg 1024w, https:\/\/www.radiointeractivo.com.mx\/wp-content\/uploads\/2025\/03\/WhatsApp-Image-2025-03-04-at-3.16.28-PM-300x200.jpeg 300w, https:\/\/www.radiointeractivo.com.mx\/wp-content\/uploads\/2025\/03\/WhatsApp-Image-2025-03-04-at-3.16.28-PM-768x512.jpeg 768w, https:\/\/www.radiointeractivo.com.mx\/wp-content\/uploads\/2025\/03\/WhatsApp-Image-2025-03-04-at-3.16.28-PM-1536x1023.jpeg 1536w, https:\/\/www.radiointeractivo.com.mx\/wp-content\/uploads\/2025\/03\/WhatsApp-Image-2025-03-04-at-3.16.28-PM-310x205.jpeg 310w, https:\/\/www.radiointeractivo.com.mx\/wp-content\/uploads\/2025\/03\/WhatsApp-Image-2025-03-04-at-3.16.28-PM.jpeg 1600w\" sizes=\"auto, (max-width: 1024px) 100vw, 1024px\" \/><\/figure>\n\n\n\n<p>Por: Agencias<\/p>\n\n\n\n<p>Ciudad Victoria, Tamaulipas. &#8211; A casi siete a\u00f1os de que surgiera en Tampico como un proyecto piloto enfocado a la prevenci\u00f3n y combate de delitos patrimoniales en zonas tur\u00edsticas y comerciales; el Grupo Delfines de la Guardia Estatal ha extendido su presencia a los municipios de Altamira, Ciudad Madero y Ciudad Victoria, brindando una respuesta r\u00e1pida en sitios de dif\u00edcil acceso para unidades motorizadas.<\/p>\n\n\n\n<p>El polic\u00eda tercero Jos\u00e9 Luis Padilla Sobrevilla, fundador de este agrupamiento, refiri\u00f3 que surgen en el a\u00f1o 2018 resultado de una sinergia entre la Secretar\u00eda de Seguridad P\u00fablica de Tamaulipas (SSPT) con la iniciativa privada, quienes donaron las primeras cuatro bicicletas; sin embargo, fue hasta el a\u00f1o 2020 que se consolid\u00f3 como Grupo Delfines de la Guardia Estatal.<\/p>\n\n\n\n<p>\u201cEl delf\u00edn es un animalito r\u00e1pido, inteligente y veloz, tal y como se pretende que sea un polic\u00eda ciclista, aparte de silencioso en su labor\u201d, explic\u00f3.<\/p>\n\n\n\n<p>Debido a los resultados positivos, el proyecto continu\u00f3 creciendo hasta integrar m\u00e1s elementos y unidades; cabe destacar que los integrantes del Grupo Delfines, requieren una fuerza y resistencia que les permita cubrir las jornadas de patrullaje que pueden alcanzar las 10 horas diarias, as\u00ed como el impacto articular del pedaleo portando el equipo t\u00e1ctico que, a diferencia del personal operativo de reacci\u00f3n, no incluye el arma larga ni el casco, el cual es reemplazado por uno especial para ciclismo.<\/p>\n\n\n\n<p>La capacitaci\u00f3n de un elemento, se\u00f1al\u00f3, puede alcanzar los cuatro meses, lapso en el que aprenden t\u00e9cnicas para realizar arrestos como polic\u00edas ciclistas, seguimiento de un objetivo, pedaleo, subir banquetas, bajar escaleras y todo lo necesario para realizar el trabajo operativo con las mayores condiciones de seguridad para el efectivo y la bicicleta.<\/p>\n\n\n\n<p>Esto ha permitido que una respuesta eficaz en las zonas asignadas y reforzar la cercan\u00eda con la sociedad, principalmente, comerciantes que ven en este agrupamiento a aliados estrat\u00e9gicos para salvaguardar su patrimonio, \u201ctodo ello ha funcionado muy bien, al decir de la ciudadan\u00eda, s\u00ed se ha visto el cambio desde que inici\u00f3 el polic\u00eda en bicicleta\u201d, asegur\u00f3.<\/p>\n","protected":false},"excerpt":{"rendered":"<p>Por: Agencias Ciudad Victoria, Tamaulipas. &#8211; A casi siete a\u00f1os de que surgiera en Tampico como un proyecto piloto enfocado a la prevenci\u00f3n y combate de delitos patrimoniales en zonas tur\u00edsticas y comerciales; el Grupo Delfines de la Guardia Estatal ha extendido su presencia a los municipios de Altamira, Ciudad Madero y Ciudad Victoria, brindando &hellip;<\/p>\n","protected":false},"author":1,"featured_media":14617,"comment_status":"open","ping_status":"open","sticky":false,"template":"","format":"standard","meta":{"footnotes":""},"categories":[39],"tags":[],"class_list":["post-14616","post","type-post","status-publish","format-standard","has-post-thumbnail","","category-tamaulipas"],"_links":{"self":[{"href":"https:\/\/www.radiointeractivo.com.mx\/index.php?rest_route=\/wp\/v2\/posts\/14616","targetHints":{"allow":["GET"]}}],"collection":[{"href":"https:\/\/www.radiointeractivo.com.mx\/index.php?rest_route=\/wp\/v2\/posts"}],"about":[{"href":"https:\/\/www.radiointeractivo.com.mx\/index.php?rest_route=\/wp\/v2\/types\/post"}],"author":[{"embeddable":true,"href":"https:\/\/www.radiointeractivo.com.mx\/index.php?rest_route=\/wp\/v2\/users\/1"}],"replies":[{"embeddable":true,"href":"https:\/\/www.radiointeractivo.com.mx\/index.php?rest_route=%2Fwp%2Fv2%2Fcomments&post=14616"}],"version-history":[{"count":1,"href":"https:\/\/www.radiointeractivo.com.mx\/index.php?rest_route=\/wp\/v2\/posts\/14616\/revisions"}],"predecessor-version":[{"id":14618,"href":"https:\/\/www.radiointeractivo.com.mx\/index.php?rest_route=\/wp\/v2\/posts\/14616\/revisions\/14618"}],"wp:featuredmedia":[{"embeddable":true,"href":"https:\/\/www.radiointeractivo.com.mx\/index.php?rest_route=\/wp\/v2\/media\/14617"}],"wp:attachment":[{"href":"https:\/\/www.radiointeractivo.com.mx\/index.php?rest_route=%2Fwp%2Fv2%2Fmedia&parent=14616"}],"wp:term":[{"taxonomy":"category","embeddable":true,"href":"https:\/\/www.radiointeractivo.com.mx\/index.php?rest_route=%2Fwp%2Fv2%2Fcategories&post=14616"},{"taxonomy":"post_tag","embeddable":true,"href":"https:\/\/www.radiointeractivo.com.mx\/index.php?rest_route=%2Fwp%2Fv2%2Ftags&post=14616"}],"curies":[{"name":"wp","href":"https:\/\/api.w.org\/{rel}","templated":true}]}}