{"id":14591,"date":"2025-03-03T22:55:02","date_gmt":"2025-03-04T04:55:02","guid":{"rendered":"https:\/\/www.radiointeractivo.com.mx\/?p=14591"},"modified":"2025-03-03T22:55:03","modified_gmt":"2025-03-04T04:55:03","slug":"avanza-operativo-de-canje-de-placas-y-verificacion-2025-para-vehiculos-del-gobierno-del-estado","status":"publish","type":"post","link":"https:\/\/www.radiointeractivo.com.mx\/?p=14591","title":{"rendered":"Avanza operativo de canje de placas y verificaci\u00f3n 2025 para veh\u00edculos del Gobierno del Estado"},"content":{"rendered":"\n<figure class=\"wp-block-image size-large\"><img loading=\"lazy\" decoding=\"async\" width=\"931\" height=\"1024\" src=\"https:\/\/www.radiointeractivo.com.mx\/wp-content\/uploads\/2025\/03\/WhatsApp-Image-2025-03-03-at-7.49.24-PM-931x1024.jpeg\" alt=\"\" class=\"wp-image-14592\" srcset=\"https:\/\/www.radiointeractivo.com.mx\/wp-content\/uploads\/2025\/03\/WhatsApp-Image-2025-03-03-at-7.49.24-PM-931x1024.jpeg 931w, https:\/\/www.radiointeractivo.com.mx\/wp-content\/uploads\/2025\/03\/WhatsApp-Image-2025-03-03-at-7.49.24-PM-273x300.jpeg 273w, https:\/\/www.radiointeractivo.com.mx\/wp-content\/uploads\/2025\/03\/WhatsApp-Image-2025-03-03-at-7.49.24-PM-768x845.jpeg 768w, https:\/\/www.radiointeractivo.com.mx\/wp-content\/uploads\/2025\/03\/WhatsApp-Image-2025-03-03-at-7.49.24-PM.jpeg 969w\" sizes=\"auto, (max-width: 931px) 100vw, 931px\" \/><\/figure>\n\n\n\n<p>Por: Agencias<\/p>\n\n\n\n<p>Ciudad Victoria, Tamaulipas.- Con el objetivo de asegurar que las unidades vehiculares al servicio del Estado transiten en regla, se contin\u00faa con el operativo de canje de placas y verificaci\u00f3n 2025, bajo la coordinaci\u00f3n de la secretaria de Administraci\u00f3n, Luisa Eugenia Manautou Galv\u00e1n.<\/p>\n\n\n\n<p>Explic\u00f3 que esta acci\u00f3n tiene como fin garantizar que la informaci\u00f3n relacionada con las unidades vehiculares se mantenga actualizada en los inventarios del patrimonio estatal, en apego a las pol\u00edticas de transparencia, eficiencia y optimizaci\u00f3n de recursos promovidas por la administraci\u00f3n estatal.<\/p>\n\n\n\n<p>Hasta la fecha, la Contralor\u00eda Gubernamental, la Secretar\u00eda de Obras P\u00fablicas, la Secretar\u00eda de Finanzas, las Oficinas del Gobernador, la Secretar\u00eda de Desarrollo Energ\u00e9tico y la Secretar\u00eda de Seguridad P\u00fablica han completado en su totalidad este tr\u00e1mite.<\/p>\n\n\n\n<p>Dijo que, gracias a este esfuerzo conjunto, se ha logrado verificar un total de 661 veh\u00edculos, lo que representa un avance del 15 % respecto a la meta anual de 4,476 unidades verificadas.<\/p>\n\n\n\n<p>La funcionaria estatal refiri\u00f3 que, como parte de los esfuerzos para mejorar la administraci\u00f3n del parque vehicular estatal, se ha concentrado la informaci\u00f3n del parque vehicular operativo de las dependencias y entidades estatales con el fin de asegurar estas unidades para el per\u00edodo 2025-2026.<\/p>\n\n\n\n<p>La nueva p\u00f3liza de aseguramiento entrar\u00e1 en vigor el 2 de abril a las 00:00 horas para el 100 % de las unidades aseguradas, cumpliendo con los compromisos adquiridos por esta administraci\u00f3n para garantizar la cobertura adecuada de los veh\u00edculos al servicio del Estado y en concordancia con las pol\u00edticas del gobernador Am\u00e9rico Villarreal Anaya, que buscan garantizar la correcta administraci\u00f3n del patrimonio p\u00fablico, con especial \u00e9nfasis en la maximizaci\u00f3n de recursos y el ahorro para las finanzas estatales.<\/p>\n","protected":false},"excerpt":{"rendered":"<p>Por: Agencias Ciudad Victoria, Tamaulipas.- Con el objetivo de asegurar que las unidades vehiculares al servicio del Estado transiten en regla, se contin\u00faa con el operativo de canje de placas y verificaci\u00f3n 2025, bajo la coordinaci\u00f3n de la secretaria de Administraci\u00f3n, Luisa Eugenia Manautou Galv\u00e1n. Explic\u00f3 que esta acci\u00f3n tiene como fin garantizar que la &hellip;<\/p>\n","protected":false},"author":1,"featured_media":14592,"comment_status":"open","ping_status":"open","sticky":false,"template":"","format":"standard","meta":{"footnotes":""},"categories":[39],"tags":[],"class_list":["post-14591","post","type-post","status-publish","format-standard","has-post-thumbnail","","category-tamaulipas"],"_links":{"self":[{"href":"https:\/\/www.radiointeractivo.com.mx\/index.php?rest_route=\/wp\/v2\/posts\/14591","targetHints":{"allow":["GET"]}}],"collection":[{"href":"https:\/\/www.radiointeractivo.com.mx\/index.php?rest_route=\/wp\/v2\/posts"}],"about":[{"href":"https:\/\/www.radiointeractivo.com.mx\/index.php?rest_route=\/wp\/v2\/types\/post"}],"author":[{"embeddable":true,"href":"https:\/\/www.radiointeractivo.com.mx\/index.php?rest_route=\/wp\/v2\/users\/1"}],"replies":[{"embeddable":true,"href":"https:\/\/www.radiointeractivo.com.mx\/index.php?rest_route=%2Fwp%2Fv2%2Fcomments&post=14591"}],"version-history":[{"count":1,"href":"https:\/\/www.radiointeractivo.com.mx\/index.php?rest_route=\/wp\/v2\/posts\/14591\/revisions"}],"predecessor-version":[{"id":14593,"href":"https:\/\/www.radiointeractivo.com.mx\/index.php?rest_route=\/wp\/v2\/posts\/14591\/revisions\/14593"}],"wp:featuredmedia":[{"embeddable":true,"href":"https:\/\/www.radiointeractivo.com.mx\/index.php?rest_route=\/wp\/v2\/media\/14592"}],"wp:attachment":[{"href":"https:\/\/www.radiointeractivo.com.mx\/index.php?rest_route=%2Fwp%2Fv2%2Fmedia&parent=14591"}],"wp:term":[{"taxonomy":"category","embeddable":true,"href":"https:\/\/www.radiointeractivo.com.mx\/index.php?rest_route=%2Fwp%2Fv2%2Fcategories&post=14591"},{"taxonomy":"post_tag","embeddable":true,"href":"https:\/\/www.radiointeractivo.com.mx\/index.php?rest_route=%2Fwp%2Fv2%2Ftags&post=14591"}],"curies":[{"name":"wp","href":"https:\/\/api.w.org\/{rel}","templated":true}]}}