{"id":1459,"date":"2023-09-05T14:47:33","date_gmt":"2023-09-05T19:47:33","guid":{"rendered":"https:\/\/www.radiointeractivo.com.mx\/?p=1459"},"modified":"2023-09-05T14:47:54","modified_gmt":"2023-09-05T19:47:54","slug":"mantiene-dif-registro-abierto-para-operar-de-manera-gratuita-a-personas-con-carnosidad-en-los-ojos","status":"publish","type":"post","link":"https:\/\/www.radiointeractivo.com.mx\/?p=1459","title":{"rendered":"MANTIENE DIF REGISTRO ABIERTO PARA OPERAR DE MANERA GRATUITA A PERSONAS CON CARNOSIDAD EN LOS OJOS"},"content":{"rendered":"\n<p>Por: Staff<\/p>\n\n\n\n<p>Nuevo Laredo, Tamaulipas.- Para apoyar a las familias en situaci\u00f3n vulnerable a mejorar su calidad de vida, el Sistema para el Desarrollo Integral de la Familia (DIF) mantiene abierto el registro de la Campa\u00f1a de Pterigi\u00f3n en la que los pacientes con carnosidad en los ojos podr\u00e1n ser operados de manera gratuita.<\/p>\n\n\n\n<p>El director general del patronato, Jos\u00e9 Luis Pintado Gamboa, invit\u00f3 a las personas que tengan este problema ocular a que acudan a las instalaciones del DIF para que reciban el beneficio previo a una valoraci\u00f3n m\u00e9dica y estudio socioecon\u00f3mico.<\/p>\n\n\n\n<p>\u201cEn las \u00faltimas dos semanas se atendi\u00f3 al primer grupo de pacientes, pero el registro sigue abierto, as\u00ed que las personas que tengan problemas de visi\u00f3n por esta carnosidad se pueden acercar al DIF, es importante recordar que esta, como todas las campa\u00f1as que hacemos est\u00e1n dirigidas a las personas de escasos recursos\u201d coment\u00f3 Pintado Gamboa<\/p>\n\n\n\n<p>Las personas interesadas deber\u00e1n presentarse en el Sistema DIF Central en H\u00e9roe de Nacataz 2244 en un horario de lunes a viernes de 8 de la ma\u00f1ana a 3 de la tarde.<\/p>\n\n\n\n<p>Para poderse inscribir ser\u00e1 necesario llevar diagn\u00f3stico m\u00e9dico de oftalm\u00f3logo, estudio socioecon\u00f3mico del DIF, acta de nacimiento, CURP, INE, comprobante de domicilio reciente de (luz o agua) y tarjeta de servicio m\u00e9dico del paciente.<\/p>\n\n\n\n<p><\/p>\n","protected":false},"excerpt":{"rendered":"<p>Por: Staff Nuevo Laredo, Tamaulipas.- Para apoyar a las familias en situaci\u00f3n vulnerable a mejorar su calidad de vida, el Sistema para el Desarrollo Integral de la Familia (DIF) mantiene abierto el registro de la Campa\u00f1a de Pterigi\u00f3n en la que los pacientes con carnosidad en los ojos podr\u00e1n ser operados de manera gratuita. El &hellip;<\/p>\n","protected":false},"author":1,"featured_media":1460,"comment_status":"open","ping_status":"open","sticky":false,"template":"","format":"standard","meta":{"footnotes":""},"categories":[38],"tags":[],"class_list":["post-1459","post","type-post","status-publish","format-standard","has-post-thumbnail","","category-nuevo-laredo"],"_links":{"self":[{"href":"https:\/\/www.radiointeractivo.com.mx\/index.php?rest_route=\/wp\/v2\/posts\/1459","targetHints":{"allow":["GET"]}}],"collection":[{"href":"https:\/\/www.radiointeractivo.com.mx\/index.php?rest_route=\/wp\/v2\/posts"}],"about":[{"href":"https:\/\/www.radiointeractivo.com.mx\/index.php?rest_route=\/wp\/v2\/types\/post"}],"author":[{"embeddable":true,"href":"https:\/\/www.radiointeractivo.com.mx\/index.php?rest_route=\/wp\/v2\/users\/1"}],"replies":[{"embeddable":true,"href":"https:\/\/www.radiointeractivo.com.mx\/index.php?rest_route=%2Fwp%2Fv2%2Fcomments&post=1459"}],"version-history":[{"count":1,"href":"https:\/\/www.radiointeractivo.com.mx\/index.php?rest_route=\/wp\/v2\/posts\/1459\/revisions"}],"predecessor-version":[{"id":1461,"href":"https:\/\/www.radiointeractivo.com.mx\/index.php?rest_route=\/wp\/v2\/posts\/1459\/revisions\/1461"}],"wp:featuredmedia":[{"embeddable":true,"href":"https:\/\/www.radiointeractivo.com.mx\/index.php?rest_route=\/wp\/v2\/media\/1460"}],"wp:attachment":[{"href":"https:\/\/www.radiointeractivo.com.mx\/index.php?rest_route=%2Fwp%2Fv2%2Fmedia&parent=1459"}],"wp:term":[{"taxonomy":"category","embeddable":true,"href":"https:\/\/www.radiointeractivo.com.mx\/index.php?rest_route=%2Fwp%2Fv2%2Fcategories&post=1459"},{"taxonomy":"post_tag","embeddable":true,"href":"https:\/\/www.radiointeractivo.com.mx\/index.php?rest_route=%2Fwp%2Fv2%2Ftags&post=1459"}],"curies":[{"name":"wp","href":"https:\/\/api.w.org\/{rel}","templated":true}]}}