{"id":14572,"date":"2025-03-03T17:46:04","date_gmt":"2025-03-03T23:46:04","guid":{"rendered":"https:\/\/www.radiointeractivo.com.mx\/?p=14572"},"modified":"2025-03-03T17:46:05","modified_gmt":"2025-03-03T23:46:05","slug":"fomenta-la-seduma-tramites-digitales-para-reforzar-regulacion-ambiental","status":"publish","type":"post","link":"https:\/\/www.radiointeractivo.com.mx\/?p=14572","title":{"rendered":"Fomenta la SEDUMA tr\u00e1mites digitales para reforzar regulaci\u00f3n ambiental"},"content":{"rendered":"\n<figure class=\"wp-block-image size-large\"><img loading=\"lazy\" decoding=\"async\" width=\"1024\" height=\"682\" src=\"https:\/\/www.radiointeractivo.com.mx\/wp-content\/uploads\/2025\/03\/WhatsApp-Image-2025-03-03-at-11.52.06-AM-1024x682.jpeg\" alt=\"\" class=\"wp-image-14573\" srcset=\"https:\/\/www.radiointeractivo.com.mx\/wp-content\/uploads\/2025\/03\/WhatsApp-Image-2025-03-03-at-11.52.06-AM-1024x682.jpeg 1024w, https:\/\/www.radiointeractivo.com.mx\/wp-content\/uploads\/2025\/03\/WhatsApp-Image-2025-03-03-at-11.52.06-AM-300x200.jpeg 300w, https:\/\/www.radiointeractivo.com.mx\/wp-content\/uploads\/2025\/03\/WhatsApp-Image-2025-03-03-at-11.52.06-AM-768x512.jpeg 768w, https:\/\/www.radiointeractivo.com.mx\/wp-content\/uploads\/2025\/03\/WhatsApp-Image-2025-03-03-at-11.52.06-AM-1536x1023.jpeg 1536w, https:\/\/www.radiointeractivo.com.mx\/wp-content\/uploads\/2025\/03\/WhatsApp-Image-2025-03-03-at-11.52.06-AM-310x205.jpeg 310w, https:\/\/www.radiointeractivo.com.mx\/wp-content\/uploads\/2025\/03\/WhatsApp-Image-2025-03-03-at-11.52.06-AM.jpeg 1600w\" sizes=\"auto, (max-width: 1024px) 100vw, 1024px\" \/><\/figure>\n\n\n\n<p>-Se llev\u00f3 a cabo la primera capacitaci\u00f3n virtual a representantes de empresas del sector industrial, comercial y de servicios para el cumplimiento de la normativa ambiental de Tamaulipas<\/p>\n\n\n\n<p>Por: Agencias<\/p>\n\n\n\n<p>Ciudad Victoria, Tamaulipas.- Con el prop\u00f3sito de fortalecer la colaboraci\u00f3n con los sectores industrial, comercial y de servicios en el cumplimiento de la normativa ambiental, la Secretar\u00eda de Desarrollo Urbano y Medio Ambiente (SEDUMA) llev\u00f3 a cabo la primera capacitaci\u00f3n virtual sobre el llenado de la C\u00e9dula de Operaci\u00f3n Anual (COA) a trav\u00e9s del Sistema Integral de Tr\u00e1mites Ambientales y Urbanos de Tamaulipas (SITAUT).<\/p>\n\n\n\n<p>La titular de la SEDUMA, Karina Lizeth Sald\u00edvar Lartigue, subray\u00f3 la relevancia de esta iniciativa, dise\u00f1ada para facilitar a las empresas el cumplimiento de sus obligaciones ambientales, \u201cestamos comprometidos con generar herramientas accesibles para que el sector empresarial pueda cumplir con la normativa sin contratiempos&#8221;, afirm\u00f3.<\/p>\n\n\n\n<p>Este esfuerzo se alinea con la estrategia nacional de digitalizaci\u00f3n, que busca avanzar en la simplificaci\u00f3n de tr\u00e1mites mediante el desarrollo de plataformas tecnol\u00f3gicas, reduciendo la carga regulatoria en la expedici\u00f3n de documentos y permisos.<\/p>\n\n\n\n<p>El taller, organizado por la Direcci\u00f3n de Gesti\u00f3n para la Protecci\u00f3n Ambiental y la Direcci\u00f3n Jur\u00eddica de la SEDUMA, cont\u00f3 con la participaci\u00f3n de 185 representantes de diversas empresas afiliadas a organismos como Coparmex, Canacintra, Index y Aistac. Durante la sesi\u00f3n, especialistas del Departamento de Evaluaci\u00f3n de C\u00e9dulas de Operaci\u00f3n guiaron a los asistentes en el proceso de llenado del documento, proporcionando asesor\u00eda en tiempo real.<\/p>\n\n\n\n<p>Durante esta actividad, asistieron representantes de municipios como Reynosa, Matamoros, Nuevo Laredo, Tampico, Ciudad Madero, Altamira, Victoria, El Mante, Xicot\u00e9ncatl, Valle Hermoso y Tula. De ellos, cerca de 40 lograron completar el tr\u00e1mite dentro del SITAUT durante la capacitaci\u00f3n.<\/p>\n\n\n\n<p>Esta acci\u00f3n refleja el compromiso del gobernador Am\u00e9rico Villarreal Anaya, a trav\u00e9s de la SEDUMA, para fortalecer la comunicaci\u00f3n entre el gobierno y la sociedad, promoviendo el cumplimiento de las regulaciones ambientales mediante el uso de herramientas digitales.<\/p>\n","protected":false},"excerpt":{"rendered":"<p>-Se llev\u00f3 a cabo la primera capacitaci\u00f3n virtual a representantes de empresas del sector industrial, comercial y de servicios para el cumplimiento de la normativa ambiental de Tamaulipas Por: Agencias Ciudad Victoria, Tamaulipas.- Con el prop\u00f3sito de fortalecer la colaboraci\u00f3n con los sectores industrial, comercial y de servicios en el cumplimiento de la normativa ambiental, &hellip;<\/p>\n","protected":false},"author":1,"featured_media":14573,"comment_status":"open","ping_status":"open","sticky":false,"template":"","format":"standard","meta":{"footnotes":""},"categories":[39],"tags":[],"class_list":["post-14572","post","type-post","status-publish","format-standard","has-post-thumbnail","","category-tamaulipas"],"_links":{"self":[{"href":"https:\/\/www.radiointeractivo.com.mx\/index.php?rest_route=\/wp\/v2\/posts\/14572","targetHints":{"allow":["GET"]}}],"collection":[{"href":"https:\/\/www.radiointeractivo.com.mx\/index.php?rest_route=\/wp\/v2\/posts"}],"about":[{"href":"https:\/\/www.radiointeractivo.com.mx\/index.php?rest_route=\/wp\/v2\/types\/post"}],"author":[{"embeddable":true,"href":"https:\/\/www.radiointeractivo.com.mx\/index.php?rest_route=\/wp\/v2\/users\/1"}],"replies":[{"embeddable":true,"href":"https:\/\/www.radiointeractivo.com.mx\/index.php?rest_route=%2Fwp%2Fv2%2Fcomments&post=14572"}],"version-history":[{"count":1,"href":"https:\/\/www.radiointeractivo.com.mx\/index.php?rest_route=\/wp\/v2\/posts\/14572\/revisions"}],"predecessor-version":[{"id":14574,"href":"https:\/\/www.radiointeractivo.com.mx\/index.php?rest_route=\/wp\/v2\/posts\/14572\/revisions\/14574"}],"wp:featuredmedia":[{"embeddable":true,"href":"https:\/\/www.radiointeractivo.com.mx\/index.php?rest_route=\/wp\/v2\/media\/14573"}],"wp:attachment":[{"href":"https:\/\/www.radiointeractivo.com.mx\/index.php?rest_route=%2Fwp%2Fv2%2Fmedia&parent=14572"}],"wp:term":[{"taxonomy":"category","embeddable":true,"href":"https:\/\/www.radiointeractivo.com.mx\/index.php?rest_route=%2Fwp%2Fv2%2Fcategories&post=14572"},{"taxonomy":"post_tag","embeddable":true,"href":"https:\/\/www.radiointeractivo.com.mx\/index.php?rest_route=%2Fwp%2Fv2%2Ftags&post=14572"}],"curies":[{"name":"wp","href":"https:\/\/api.w.org\/{rel}","templated":true}]}}