{"id":14569,"date":"2025-03-03T17:44:05","date_gmt":"2025-03-03T23:44:05","guid":{"rendered":"https:\/\/www.radiointeractivo.com.mx\/?p=14569"},"modified":"2025-03-03T17:44:06","modified_gmt":"2025-03-03T23:44:06","slug":"reconoce-americo-labor-del-personal-del-sistema-estatal-de-proteccion-civil","status":"publish","type":"post","link":"https:\/\/www.radiointeractivo.com.mx\/?p=14569","title":{"rendered":"Reconoce Am\u00e9rico labor del personal del Sistema Estatal de Protecci\u00f3n Civil"},"content":{"rendered":"\n<figure class=\"wp-block-image size-large\"><img loading=\"lazy\" decoding=\"async\" width=\"1024\" height=\"681\" src=\"https:\/\/www.radiointeractivo.com.mx\/wp-content\/uploads\/2025\/03\/WhatsApp-Image-2025-03-03-at-11.39.33-AM-1024x681.jpeg\" alt=\"\" class=\"wp-image-14570\" srcset=\"https:\/\/www.radiointeractivo.com.mx\/wp-content\/uploads\/2025\/03\/WhatsApp-Image-2025-03-03-at-11.39.33-AM-1024x681.jpeg 1024w, https:\/\/www.radiointeractivo.com.mx\/wp-content\/uploads\/2025\/03\/WhatsApp-Image-2025-03-03-at-11.39.33-AM-300x200.jpeg 300w, https:\/\/www.radiointeractivo.com.mx\/wp-content\/uploads\/2025\/03\/WhatsApp-Image-2025-03-03-at-11.39.33-AM-768x511.jpeg 768w, https:\/\/www.radiointeractivo.com.mx\/wp-content\/uploads\/2025\/03\/WhatsApp-Image-2025-03-03-at-11.39.33-AM-1536x1021.jpeg 1536w, https:\/\/www.radiointeractivo.com.mx\/wp-content\/uploads\/2025\/03\/WhatsApp-Image-2025-03-03-at-11.39.33-AM-310x205.jpeg 310w, https:\/\/www.radiointeractivo.com.mx\/wp-content\/uploads\/2025\/03\/WhatsApp-Image-2025-03-03-at-11.39.33-AM.jpeg 1600w\" sizes=\"auto, (max-width: 1024px) 100vw, 1024px\" \/><\/figure>\n\n\n\n<p>-Coordinador de PC agradece apoyo del gobernador para reforzar equipamiento y atender contingencias<\/p>\n\n\n\n<p>Por: Agencias<\/p>\n\n\n\n<p>Ciudad Victoria, Tamaulipas. &#8211; El Sistema Estatal de Protecci\u00f3n Civil en Tamaulipas cumple a cabalidad su encomienda, responde siempre a la altura y es fuente de certidumbre, afirm\u00f3 el gobernador Am\u00e9rico Villarreal Anaya.<\/p>\n\n\n\n<p>Al presidir la ceremonia c\u00edvica de honores este lunes en las instalaciones de Protecci\u00f3n Civil, el gobernador reconoci\u00f3 la labor y el desempe\u00f1o de todo el personal de esta dependencia para enfrentar las contingencias y los riesgos de distinta \u00edndole y origen, que pueden afectar la estabilidad de una entidad como Tamaulipas donde existe una propensi\u00f3n alta y diversa por su atlas de riesgo.<\/p>\n\n\n\n<p>&#8220;Aqu\u00ed no hay descanso y sobre todo hay que estar presente para anticiparnos, cuando se trata de ponernos a salvo de impactos en la vida, la integridad de las y los tamaulipecos, de su patrimonio y de las comunidades en las que habitan&#8221;, dijo.<\/p>\n\n\n\n<p>&#8220;Hoy que nos reciben en sus instalaciones, les refrendo el orgullo de haber podido confirmar, no en una, sino en muchas ocasiones, que nuestro Sistema Estatal de Protecci\u00f3n Civil cumple a cabalidad su encomienda. As\u00ed que muchas felicitaciones por su noble labor a todas y todos&#8221;, expres\u00f3.<\/p>\n\n\n\n<p>AM\u00c9RICO REFUERZA EQUIPAMIENTO Y UN CENTRO ESTATAL DE OPERACIONES EST\u00c1 EN PROYECTO<\/p>\n\n\n\n<p>Por su parte, Luis Gerardo Gonz\u00e1lez de la Fuente, coordinador Estatal de Protecci\u00f3n Civil destac\u00f3 el apoyo que ha brindado el gobernador Am\u00e9rico Villarreal desde el inicio de su administraci\u00f3n, lo que ha permitido reforzar equipamiento con dos camiones de bomberos, tres ambulancias, equipo de protecci\u00f3n personal para los bomberos, dos equipos hidr\u00e1ulicos para rescate de personas atrapadas, m\u00faltiples herramientas manuales y mec\u00e1nicas para la atenci\u00f3n de incendios forestales y un bambi \u201cbucket\u201d con tecnolog\u00eda de punta, utilizado para descargas de agua en operaciones a\u00e9reas.<\/p>\n\n\n\n<p>Adem\u00e1s, inform\u00f3 que se cuenta con un dron de alta gama equipado con una c\u00e1mara t\u00e9rmica, equipo de c\u00f3mputo y estaciones meteorol\u00f3gicas, &#8220;este ha sido un buen comienzo para todas y todos los que aqu\u00ed laboramos&#8221;, expres\u00f3.<\/p>\n\n\n\n<p>Agreg\u00f3 que, en coordinaci\u00f3n con la Secretar\u00eda de Seguridad P\u00fablica y la Direcci\u00f3n de Servicios A\u00e9reos, el helic\u00f3ptero Bell UH-1H se encuentra operativo y asignado para tareas de rescate en incendios forestales que se presenten dentro y fuera del territorio, mientras que, con la Secretar\u00eda de Obras P\u00fablicas, se trabaja en el proyecto ejecutivo del Centro Estatal de Operaciones, un inmueble donde se planea el monitoreo permanente de todos aquellos fen\u00f3menos que puedan llegar a Tamaulipas.<\/p>\n\n\n\n<p>&#8220;En este gobierno humanista, seguimos reafirmando el compromiso para seguir trabajando siempre a favor de aquellos que nos requieren&#8221;, mencion\u00f3.<\/p>\n\n\n\n<p>Durante la ceremonia c\u00edvica, el juramento a la bandera estuvo a cargo de Yheffrey de Jes\u00fas Garc\u00eda Cerda, mientras que Nancy Sifuentes Garc\u00eda y Andrea Marroqu\u00edn Mart\u00ednez dieron lectura a las efem\u00e9rides de la semana.<\/p>\n\n\n\n<p>Acompa\u00f1aron al gobernador en este evento: H\u00e9ctor Joel Villegas Gonz\u00e1lez, secretario general de Gobierno; general DEM Enrique Garc\u00eda Jaramillo, comandante de la 48a. Zona Militar; comisario Francisco Alvarado Ter\u00e1n, coordinador Estatal de la Guardia Nacional en Tamaulipas; diputado Humberto Prieto Herrera, presidente de la Junta de Coordinaci\u00f3n Pol\u00edtica del Congreso del Estado; diputada Cynthia Jaime Castillo, presidenta de la Mesa Directiva del Congreso local y magistrado Hern\u00e1n De la Garza Tamez, presidente del Supremo Tribunal de Justicia, adem\u00e1s de personal de Protecci\u00f3n Civil, del Centro Regional de Urgencias M\u00e9dicas y de la delegaci\u00f3n estatal de la Cruz Roja.<\/p>\n","protected":false},"excerpt":{"rendered":"<p>-Coordinador de PC agradece apoyo del gobernador para reforzar equipamiento y atender contingencias Por: Agencias Ciudad Victoria, Tamaulipas. &#8211; El Sistema Estatal de Protecci\u00f3n Civil en Tamaulipas cumple a cabalidad su encomienda, responde siempre a la altura y es fuente de certidumbre, afirm\u00f3 el gobernador Am\u00e9rico Villarreal Anaya. Al presidir la ceremonia c\u00edvica de honores &hellip;<\/p>\n","protected":false},"author":1,"featured_media":14570,"comment_status":"open","ping_status":"open","sticky":false,"template":"","format":"standard","meta":{"footnotes":""},"categories":[39],"tags":[],"class_list":["post-14569","post","type-post","status-publish","format-standard","has-post-thumbnail","","category-tamaulipas"],"_links":{"self":[{"href":"https:\/\/www.radiointeractivo.com.mx\/index.php?rest_route=\/wp\/v2\/posts\/14569","targetHints":{"allow":["GET"]}}],"collection":[{"href":"https:\/\/www.radiointeractivo.com.mx\/index.php?rest_route=\/wp\/v2\/posts"}],"about":[{"href":"https:\/\/www.radiointeractivo.com.mx\/index.php?rest_route=\/wp\/v2\/types\/post"}],"author":[{"embeddable":true,"href":"https:\/\/www.radiointeractivo.com.mx\/index.php?rest_route=\/wp\/v2\/users\/1"}],"replies":[{"embeddable":true,"href":"https:\/\/www.radiointeractivo.com.mx\/index.php?rest_route=%2Fwp%2Fv2%2Fcomments&post=14569"}],"version-history":[{"count":1,"href":"https:\/\/www.radiointeractivo.com.mx\/index.php?rest_route=\/wp\/v2\/posts\/14569\/revisions"}],"predecessor-version":[{"id":14571,"href":"https:\/\/www.radiointeractivo.com.mx\/index.php?rest_route=\/wp\/v2\/posts\/14569\/revisions\/14571"}],"wp:featuredmedia":[{"embeddable":true,"href":"https:\/\/www.radiointeractivo.com.mx\/index.php?rest_route=\/wp\/v2\/media\/14570"}],"wp:attachment":[{"href":"https:\/\/www.radiointeractivo.com.mx\/index.php?rest_route=%2Fwp%2Fv2%2Fmedia&parent=14569"}],"wp:term":[{"taxonomy":"category","embeddable":true,"href":"https:\/\/www.radiointeractivo.com.mx\/index.php?rest_route=%2Fwp%2Fv2%2Fcategories&post=14569"},{"taxonomy":"post_tag","embeddable":true,"href":"https:\/\/www.radiointeractivo.com.mx\/index.php?rest_route=%2Fwp%2Fv2%2Ftags&post=14569"}],"curies":[{"name":"wp","href":"https:\/\/api.w.org\/{rel}","templated":true}]}}