{"id":14508,"date":"2025-03-02T10:32:48","date_gmt":"2025-03-02T16:32:48","guid":{"rendered":"https:\/\/www.radiointeractivo.com.mx\/?p=14508"},"modified":"2025-03-02T10:32:50","modified_gmt":"2025-03-02T16:32:50","slug":"aclara-comision-de-parques-y-biodiversidad-jaguar-atropellado-no-corresponde-a-tamaulipas","status":"publish","type":"post","link":"https:\/\/www.radiointeractivo.com.mx\/?p=14508","title":{"rendered":"Aclara Comisi\u00f3n de Parques y Biodiversidad: jaguar atropellado no corresponde a Tamaulipas"},"content":{"rendered":"\n<figure class=\"wp-block-image size-large\"><img loading=\"lazy\" decoding=\"async\" width=\"1024\" height=\"543\" src=\"https:\/\/www.radiointeractivo.com.mx\/wp-content\/uploads\/2025\/03\/WhatsApp-Image-2025-02-28-at-8.00.10-PM-1024x543.jpeg\" alt=\"\" class=\"wp-image-14509\" srcset=\"https:\/\/www.radiointeractivo.com.mx\/wp-content\/uploads\/2025\/03\/WhatsApp-Image-2025-02-28-at-8.00.10-PM-1024x543.jpeg 1024w, https:\/\/www.radiointeractivo.com.mx\/wp-content\/uploads\/2025\/03\/WhatsApp-Image-2025-02-28-at-8.00.10-PM-300x159.jpeg 300w, https:\/\/www.radiointeractivo.com.mx\/wp-content\/uploads\/2025\/03\/WhatsApp-Image-2025-02-28-at-8.00.10-PM-768x407.jpeg 768w, https:\/\/www.radiointeractivo.com.mx\/wp-content\/uploads\/2025\/03\/WhatsApp-Image-2025-02-28-at-8.00.10-PM-1536x815.jpeg 1536w, https:\/\/www.radiointeractivo.com.mx\/wp-content\/uploads\/2025\/03\/WhatsApp-Image-2025-02-28-at-8.00.10-PM-310x165.jpeg 310w, https:\/\/www.radiointeractivo.com.mx\/wp-content\/uploads\/2025\/03\/WhatsApp-Image-2025-02-28-at-8.00.10-PM.jpeg 1599w\" sizes=\"auto, (max-width: 1024px) 100vw, 1024px\" \/><\/figure>\n\n\n\n<p>-La imagen que circul\u00f3 en redes sociales y algunos medios de comunicaci\u00f3n, es de un ejemplar atropellado en el sureste de M\u00e9xico en el 2019<\/p>\n\n\n\n<p>Por: Agencias<\/p>\n\n\n\n<p>Ciudad Victoria, Tamaulipas.- La Comisi\u00f3n de Parques y Biodiversidad de Tamaulipas (CPBT) exhort\u00f3 a la poblaci\u00f3n a no caer en la desinformaci\u00f3n tras la difusi\u00f3n de una imagen en redes sociales y algunos medios de comunicaci\u00f3n que muestra un jaguar atropellado. La dependencia aclar\u00f3 que la fotograf\u00eda no corresponde a Tamaulipas, sino a un hecho registrado en 2019 en la carretera Playa del Carmen-Tulum, en el sureste del pa\u00eds, espec\u00edficamente entre los parques R\u00edo Secreto y Xcaret.<\/p>\n\n\n\n<p>El vocal ejecutivo de la CPBT, Eduardo Rocha Orozco, se\u00f1al\u00f3 que mantienen una estrecha coordinaci\u00f3n con el Gobierno Federal, a trav\u00e9s de la Procuradur\u00eda Federal de Protecci\u00f3n al Ambiente (PROFEPA) y la Secretar\u00eda de Medio Ambiente y Recursos Naturales (SEMARNAT), para el monitoreo de especies protegidas.<\/p>\n\n\n\n<p>&#8220;Trabajamos constantemente en la vigilancia de la fauna silvestre. Hemos instalado trampas y c\u00e1maras de fototrampeo en puntos estrat\u00e9gicos para detectar la presencia de estos animales y actuar de manera oportuna&#8221;, explic\u00f3 Rocha Orozco.<\/p>\n\n\n\n<p>El funcionario detall\u00f3 que cuando un ejemplar es capturado, es atendido por el equipo m\u00e9dico del Zool\u00f3gico de Tamat\u00e1n, &#8220;todos los animales pasan por un proceso de evaluaci\u00f3n y cuarentena antes de ser reintegrados a su h\u00e1bitat natural&#8221;, precis\u00f3.<\/p>\n\n\n\n<p>Asimismo, destac\u00f3 que el Gobierno de Tamaulipas, encabezado por Am\u00e9rico Villarreal Anaya, mantiene un firme compromiso con la conservaci\u00f3n de la biodiversidad. Por ello, invit\u00f3 a la ciudadan\u00eda a reportar cualquier avistamiento de fauna silvestre a las autoridades correspondientes a trav\u00e9s del n\u00famero de emergencia 911.<\/p>\n\n\n\n<p>&#8220;La participaci\u00f3n ciudadana es clave para la protecci\u00f3n de estas especies. Si ven un jaguar u otro animal en zonas urbanas, es importante avisar de inmediato para que podamos actuar de forma adecuada&#8221;, concluy\u00f3 Rocha Orozco.<\/p>\n","protected":false},"excerpt":{"rendered":"<p>-La imagen que circul\u00f3 en redes sociales y algunos medios de comunicaci\u00f3n, es de un ejemplar atropellado en el sureste de M\u00e9xico en el 2019 Por: Agencias Ciudad Victoria, Tamaulipas.- La Comisi\u00f3n de Parques y Biodiversidad de Tamaulipas (CPBT) exhort\u00f3 a la poblaci\u00f3n a no caer en la desinformaci\u00f3n tras la difusi\u00f3n de una imagen &hellip;<\/p>\n","protected":false},"author":1,"featured_media":14509,"comment_status":"open","ping_status":"open","sticky":false,"template":"","format":"standard","meta":{"footnotes":""},"categories":[39],"tags":[],"class_list":["post-14508","post","type-post","status-publish","format-standard","has-post-thumbnail","","category-tamaulipas"],"_links":{"self":[{"href":"https:\/\/www.radiointeractivo.com.mx\/index.php?rest_route=\/wp\/v2\/posts\/14508","targetHints":{"allow":["GET"]}}],"collection":[{"href":"https:\/\/www.radiointeractivo.com.mx\/index.php?rest_route=\/wp\/v2\/posts"}],"about":[{"href":"https:\/\/www.radiointeractivo.com.mx\/index.php?rest_route=\/wp\/v2\/types\/post"}],"author":[{"embeddable":true,"href":"https:\/\/www.radiointeractivo.com.mx\/index.php?rest_route=\/wp\/v2\/users\/1"}],"replies":[{"embeddable":true,"href":"https:\/\/www.radiointeractivo.com.mx\/index.php?rest_route=%2Fwp%2Fv2%2Fcomments&post=14508"}],"version-history":[{"count":1,"href":"https:\/\/www.radiointeractivo.com.mx\/index.php?rest_route=\/wp\/v2\/posts\/14508\/revisions"}],"predecessor-version":[{"id":14510,"href":"https:\/\/www.radiointeractivo.com.mx\/index.php?rest_route=\/wp\/v2\/posts\/14508\/revisions\/14510"}],"wp:featuredmedia":[{"embeddable":true,"href":"https:\/\/www.radiointeractivo.com.mx\/index.php?rest_route=\/wp\/v2\/media\/14509"}],"wp:attachment":[{"href":"https:\/\/www.radiointeractivo.com.mx\/index.php?rest_route=%2Fwp%2Fv2%2Fmedia&parent=14508"}],"wp:term":[{"taxonomy":"category","embeddable":true,"href":"https:\/\/www.radiointeractivo.com.mx\/index.php?rest_route=%2Fwp%2Fv2%2Fcategories&post=14508"},{"taxonomy":"post_tag","embeddable":true,"href":"https:\/\/www.radiointeractivo.com.mx\/index.php?rest_route=%2Fwp%2Fv2%2Ftags&post=14508"}],"curies":[{"name":"wp","href":"https:\/\/api.w.org\/{rel}","templated":true}]}}