{"id":1450,"date":"2023-09-05T10:10:38","date_gmt":"2023-09-05T15:10:38","guid":{"rendered":"https:\/\/www.radiointeractivo.com.mx\/?p=1450"},"modified":"2023-09-05T10:10:38","modified_gmt":"2023-09-05T15:10:38","slug":"acusan-a-juez-de-tamaulipas-de-favorecer-a-cabeza-de-vaca","status":"publish","type":"post","link":"https:\/\/www.radiointeractivo.com.mx\/?p=1450","title":{"rendered":"Acusan a juez de Tamaulipas de favorecer a Cabeza de Vaca"},"content":{"rendered":"\n<p>Por: Agencias<\/p>\n\n\n\n<p>Ciudad de M\u00e9xico. En el caso de los procesos jur\u00eddicos contra el ex gobernador de Tamaulipas, el panista Francisco Javier Garc\u00eda Cabeza de Vaca, pareciera que el juez octavo de distrito de ese estado, Faustino Guti\u00e9rrez P\u00e9rez, \u201cact\u00faa como juez de consigna\u201d, pues ha tenido varias decisiones favorables al ex mandatario que han evitado la justicia, se\u00f1al\u00f3 el subsecretario de Seguridad P\u00fablica federal, Luis Rodr\u00edguez Bucio.<\/p>\n\n\n\n<p>En la secci\u00f3n Cero impunidad que cada 15 d\u00edas se presenta en la ma\u00f1anera del presidente Andr\u00e9s Manuel L\u00f3pez Obrador, el subsecretario dio a conocer varias decisiones de este juzgador que han beneficiado a Garc\u00eda Cabeza de Vaca.<\/p>\n\n\n\n<p>Record\u00f3 que en octubre del a\u00f1o pasado le otorg\u00f3 una suspensi\u00f3n provisional contra la orden de aprehensi\u00f3n por su presunta responsabilidad en diversos delitos relacionados con el crimen organizado; y en febrero de 2023 lo ampar\u00f3, aunque esta decisi\u00f3n fue revocada por un tribunal colegiado de Tamaulipas.<\/p>\n\n\n\n<p>Rodr\u00edguez Bucio indic\u00f3 que recientemente, Guti\u00e9rrez P\u00e9rez otorg\u00f3 un amparo m\u00e1s en favor del ex gobernador de origen panista quien lo hab\u00eda solicitado para impedir que se le retiraran escoltas adscritos a la Secretar\u00eda de Seguridad P\u00fablica del estado, y le fueran reasignados.<\/p>\n\n\n\n<p>\u201cDe acuerdo al juzgador: \u2018No basta con utilizar la frase por necesidades del servicio, sino que hay que justificarlo y sobre todo tomar en consideraci\u00f3n la naturaleza del servicio de protecci\u00f3n al que est\u00e1 sujeto el funcionario p\u00fablico\u2019\u201d.<\/p>\n\n\n\n<p>As\u00ed, el funcionario federal -quien exhibi\u00f3 a otros juzgadores por diversos casos donde se dieron decisiones favorables a los presuntos criminales\u2014, asever\u00f3 que \u201cpareciera que el juez Guti\u00e9rrez Perez actuara como juez de consigna en los asuntos que lleva el ex gobernador tamaulipeco\u201d.<\/p>\n\n\n\n<p>En otro caso, se exhibi\u00f3 al secretario encargado del despacho del juzgado decimos\u00e9ptimo de distrito en Veracruz, Andr\u00e9s Rossell Mart\u00ednez, por favorecer al ex fiscal general de Veracruz, Jorge Winckler Ortiz, acusado de secuestro y desaparici\u00f3n forzada.<\/p>\n\n\n\n<p>\u201cLe otorg\u00f3 una suspensi\u00f3n provisional para para cesar la prisi\u00f3n preventiva oficiosa, pues a su criterio es contraria a los tratados internacionales y orden\u00f3 a que se le otorgue a las partes la oportunidad de evaluar la imposici\u00f3n de otra u otras medidas cautelares previstas en la ley\u201d.<\/p>\n\n\n\n<p>Rodr\u00edguez Bucio se\u00f1al\u00f3 que con esa resoluci\u00f3n intent\u00f3 liberar al ex fiscal, a pesar de que los delitos por los que se le investiga son graves. Sin embargo, el juez de control que lleva el proceso penal impuso prisi\u00f3n preventiva justificada.<\/p>\n","protected":false},"excerpt":{"rendered":"<p>Por: Agencias Ciudad de M\u00e9xico. En el caso de los procesos jur\u00eddicos contra el ex gobernador de Tamaulipas, el panista Francisco Javier Garc\u00eda Cabeza de Vaca, pareciera que el juez octavo de distrito de ese estado, Faustino Guti\u00e9rrez P\u00e9rez, \u201cact\u00faa como juez de consigna\u201d, pues ha tenido varias decisiones favorables al ex mandatario que han &hellip;<\/p>\n","protected":false},"author":1,"featured_media":1451,"comment_status":"open","ping_status":"open","sticky":false,"template":"","format":"standard","meta":{"footnotes":""},"categories":[39],"tags":[],"class_list":["post-1450","post","type-post","status-publish","format-standard","has-post-thumbnail","","category-tamaulipas"],"_links":{"self":[{"href":"https:\/\/www.radiointeractivo.com.mx\/index.php?rest_route=\/wp\/v2\/posts\/1450","targetHints":{"allow":["GET"]}}],"collection":[{"href":"https:\/\/www.radiointeractivo.com.mx\/index.php?rest_route=\/wp\/v2\/posts"}],"about":[{"href":"https:\/\/www.radiointeractivo.com.mx\/index.php?rest_route=\/wp\/v2\/types\/post"}],"author":[{"embeddable":true,"href":"https:\/\/www.radiointeractivo.com.mx\/index.php?rest_route=\/wp\/v2\/users\/1"}],"replies":[{"embeddable":true,"href":"https:\/\/www.radiointeractivo.com.mx\/index.php?rest_route=%2Fwp%2Fv2%2Fcomments&post=1450"}],"version-history":[{"count":1,"href":"https:\/\/www.radiointeractivo.com.mx\/index.php?rest_route=\/wp\/v2\/posts\/1450\/revisions"}],"predecessor-version":[{"id":1452,"href":"https:\/\/www.radiointeractivo.com.mx\/index.php?rest_route=\/wp\/v2\/posts\/1450\/revisions\/1452"}],"wp:featuredmedia":[{"embeddable":true,"href":"https:\/\/www.radiointeractivo.com.mx\/index.php?rest_route=\/wp\/v2\/media\/1451"}],"wp:attachment":[{"href":"https:\/\/www.radiointeractivo.com.mx\/index.php?rest_route=%2Fwp%2Fv2%2Fmedia&parent=1450"}],"wp:term":[{"taxonomy":"category","embeddable":true,"href":"https:\/\/www.radiointeractivo.com.mx\/index.php?rest_route=%2Fwp%2Fv2%2Fcategories&post=1450"},{"taxonomy":"post_tag","embeddable":true,"href":"https:\/\/www.radiointeractivo.com.mx\/index.php?rest_route=%2Fwp%2Fv2%2Ftags&post=1450"}],"curies":[{"name":"wp","href":"https:\/\/api.w.org\/{rel}","templated":true}]}}