{"id":14499,"date":"2025-03-02T10:21:47","date_gmt":"2025-03-02T16:21:47","guid":{"rendered":"https:\/\/www.radiointeractivo.com.mx\/?p=14499"},"modified":"2025-03-02T10:21:49","modified_gmt":"2025-03-02T16:21:49","slug":"certificara-tamaulipas-habilidades-de-repatriados-adquiridas-en-estados-unidos","status":"publish","type":"post","link":"https:\/\/www.radiointeractivo.com.mx\/?p=14499","title":{"rendered":"Certificar\u00e1 Tamaulipas habilidades de repatriados adquiridas en Estados Unidos"},"content":{"rendered":"\n<figure class=\"wp-block-image size-large\"><img loading=\"lazy\" decoding=\"async\" width=\"1024\" height=\"682\" src=\"https:\/\/www.radiointeractivo.com.mx\/wp-content\/uploads\/2025\/03\/WhatsApp-Image-2025-03-01-at-1.47.17-PM-1024x682.jpeg\" alt=\"\" class=\"wp-image-14500\" srcset=\"https:\/\/www.radiointeractivo.com.mx\/wp-content\/uploads\/2025\/03\/WhatsApp-Image-2025-03-01-at-1.47.17-PM-1024x682.jpeg 1024w, https:\/\/www.radiointeractivo.com.mx\/wp-content\/uploads\/2025\/03\/WhatsApp-Image-2025-03-01-at-1.47.17-PM-300x200.jpeg 300w, https:\/\/www.radiointeractivo.com.mx\/wp-content\/uploads\/2025\/03\/WhatsApp-Image-2025-03-01-at-1.47.17-PM-768x512.jpeg 768w, https:\/\/www.radiointeractivo.com.mx\/wp-content\/uploads\/2025\/03\/WhatsApp-Image-2025-03-01-at-1.47.17-PM-1536x1023.jpeg 1536w, https:\/\/www.radiointeractivo.com.mx\/wp-content\/uploads\/2025\/03\/WhatsApp-Image-2025-03-01-at-1.47.17-PM-310x205.jpeg 310w, https:\/\/www.radiointeractivo.com.mx\/wp-content\/uploads\/2025\/03\/WhatsApp-Image-2025-03-01-at-1.47.17-PM.jpeg 1600w\" sizes=\"auto, (max-width: 1024px) 100vw, 1024px\" \/><\/figure>\n\n\n\n<p>-La condici\u00f3n de repatriado es sin\u00f3nimo de reintegraci\u00f3n, y el Gobierno de Tamaulipas los reconoce, visibiliza y les brinda nuevas oportunidades a ellos y sus familias<\/p>\n\n\n\n<p>Por: Agencias<\/p>\n\n\n\n<p>Ciudad Victoria, Tamaulipas.- La Secretar\u00eda General de Gobierno, a trav\u00e9s del Instituto Tamaulipeco para los Migrantes (ITM) y el Instituto Tamaulipeco de Capacitaci\u00f3n para el Empleo (ITACE), firm\u00f3 un convenio de colaboraci\u00f3n para certificar las habilidades y conocimientos t\u00e9cnicos adquiridos en Estados Unidos por las y los repatriados tamaulipecos y por quienes, provenientes de otras entidades, elijan establecerse en el estado. El objetivo es facilitar su incorporaci\u00f3n a la vida laboral y social del pa\u00eds.<\/p>\n\n\n\n<p>El director general del ITM, Juan Jos\u00e9 Rodr\u00edguez Alvarado, y la directora general del ITACE, Claudia Anaya Alvarado, formalizaron este convenio con la firme intenci\u00f3n de transformar la realidad de quienes regresan a M\u00e9xico en busca de nuevas oportunidades.<\/p>\n\n\n\n<p>Rodr\u00edguez Alvarado enfatiz\u00f3: \u201cNuestros repatriados importan porque han dado mucho por Tamaulipas; con esta alianza, les estamos devolviendo un poco de lo que ellos han aportado con su sacrificio, su talento y con el env\u00edo de remesas, que son el sustento de miles de familias en nuestro estado\u201d.<\/p>\n\n\n\n<p>El titular del ITM agreg\u00f3 que esta colaboraci\u00f3n permitir\u00e1 a los repatriados obtener un certificado con validez oficial que avale su experiencia y habilidades adquiridas en el vecino pa\u00eds, facilitando su acceso a empleos formales y al autoempleo para iniciar una nueva vida con esperanza.<\/p>\n\n\n\n<p>Asimismo, Rodr\u00edguez Alvarado destac\u00f3 que este convenio reafirma el compromiso del gobernador Am\u00e9rico Villarreal Anaya de visibilizar, impulsar y brindar todo el apoyo a los repatriados a trav\u00e9s de las instancias estatales, para que las y los migrantes tamaulipecos que regresan a la entidad cuenten con herramientas que les permitan desarrollarse e integrarse a la econom\u00eda del estado.<\/p>\n\n\n\n<p>En el evento estuvo presente Erick, un tamaulipeco repatriado que ser\u00e1 el primer beneficiado con la firma de este convenio. Recibir\u00e1 certificaci\u00f3n en barber\u00eda e ingl\u00e9s, lo que le permitir\u00e1 mejorar sus oportunidades laborales. En un emotivo mensaje, agradeci\u00f3 al Gobierno de Tamaulipas por esta nueva oportunidad y manifest\u00f3 su deseo de ser un ejemplo de superaci\u00f3n para otros j\u00f3venes en su situaci\u00f3n.<\/p>\n","protected":false},"excerpt":{"rendered":"<p>-La condici\u00f3n de repatriado es sin\u00f3nimo de reintegraci\u00f3n, y el Gobierno de Tamaulipas los reconoce, visibiliza y les brinda nuevas oportunidades a ellos y sus familias Por: Agencias Ciudad Victoria, Tamaulipas.- La Secretar\u00eda General de Gobierno, a trav\u00e9s del Instituto Tamaulipeco para los Migrantes (ITM) y el Instituto Tamaulipeco de Capacitaci\u00f3n para el Empleo (ITACE), &hellip;<\/p>\n","protected":false},"author":1,"featured_media":14500,"comment_status":"open","ping_status":"open","sticky":false,"template":"","format":"standard","meta":{"footnotes":""},"categories":[39],"tags":[],"class_list":["post-14499","post","type-post","status-publish","format-standard","has-post-thumbnail","","category-tamaulipas"],"_links":{"self":[{"href":"https:\/\/www.radiointeractivo.com.mx\/index.php?rest_route=\/wp\/v2\/posts\/14499","targetHints":{"allow":["GET"]}}],"collection":[{"href":"https:\/\/www.radiointeractivo.com.mx\/index.php?rest_route=\/wp\/v2\/posts"}],"about":[{"href":"https:\/\/www.radiointeractivo.com.mx\/index.php?rest_route=\/wp\/v2\/types\/post"}],"author":[{"embeddable":true,"href":"https:\/\/www.radiointeractivo.com.mx\/index.php?rest_route=\/wp\/v2\/users\/1"}],"replies":[{"embeddable":true,"href":"https:\/\/www.radiointeractivo.com.mx\/index.php?rest_route=%2Fwp%2Fv2%2Fcomments&post=14499"}],"version-history":[{"count":1,"href":"https:\/\/www.radiointeractivo.com.mx\/index.php?rest_route=\/wp\/v2\/posts\/14499\/revisions"}],"predecessor-version":[{"id":14501,"href":"https:\/\/www.radiointeractivo.com.mx\/index.php?rest_route=\/wp\/v2\/posts\/14499\/revisions\/14501"}],"wp:featuredmedia":[{"embeddable":true,"href":"https:\/\/www.radiointeractivo.com.mx\/index.php?rest_route=\/wp\/v2\/media\/14500"}],"wp:attachment":[{"href":"https:\/\/www.radiointeractivo.com.mx\/index.php?rest_route=%2Fwp%2Fv2%2Fmedia&parent=14499"}],"wp:term":[{"taxonomy":"category","embeddable":true,"href":"https:\/\/www.radiointeractivo.com.mx\/index.php?rest_route=%2Fwp%2Fv2%2Fcategories&post=14499"},{"taxonomy":"post_tag","embeddable":true,"href":"https:\/\/www.radiointeractivo.com.mx\/index.php?rest_route=%2Fwp%2Fv2%2Ftags&post=14499"}],"curies":[{"name":"wp","href":"https:\/\/api.w.org\/{rel}","templated":true}]}}