{"id":14484,"date":"2025-02-28T18:16:59","date_gmt":"2025-03-01T00:16:59","guid":{"rendered":"https:\/\/www.radiointeractivo.com.mx\/?p=14484"},"modified":"2025-02-28T18:17:00","modified_gmt":"2025-03-01T00:17:00","slug":"ofrecera-comapa-beneficios-en-bazar-de-primavera","status":"publish","type":"post","link":"https:\/\/www.radiointeractivo.com.mx\/?p=14484","title":{"rendered":"OFRECER\u00c1 COMAPA BENEFICIOS EN BAZAR DE PRIMAVERA"},"content":{"rendered":"\n<figure class=\"wp-block-image size-large\"><img loading=\"lazy\" decoding=\"async\" width=\"1024\" height=\"768\" src=\"https:\/\/www.radiointeractivo.com.mx\/wp-content\/uploads\/2025\/02\/WhatsApp-Image-2025-02-28-at-12.35.27-PM-1024x768.jpeg\" alt=\"\" class=\"wp-image-14485\" srcset=\"https:\/\/www.radiointeractivo.com.mx\/wp-content\/uploads\/2025\/02\/WhatsApp-Image-2025-02-28-at-12.35.27-PM-1024x768.jpeg 1024w, https:\/\/www.radiointeractivo.com.mx\/wp-content\/uploads\/2025\/02\/WhatsApp-Image-2025-02-28-at-12.35.27-PM-300x225.jpeg 300w, https:\/\/www.radiointeractivo.com.mx\/wp-content\/uploads\/2025\/02\/WhatsApp-Image-2025-02-28-at-12.35.27-PM-768x576.jpeg 768w, https:\/\/www.radiointeractivo.com.mx\/wp-content\/uploads\/2025\/02\/WhatsApp-Image-2025-02-28-at-12.35.27-PM.jpeg 1280w\" sizes=\"auto, (max-width: 1024px) 100vw, 1024px\" \/><\/figure>\n\n\n\n<p>Por: Staff | #NuevoLaredo #Laredo #NLD #Tamaulipas<\/p>\n\n\n\n<p>Con el objetivo de acercar y brindar atenci\u00f3n a la ciudadan\u00eda que requiera regularizar, la Comisi\u00f3n Municipal de Agua Potable y Alcantarillado estar\u00e1 presente con su Oficina M\u00f3vil en el Bazar Primavera a realizarse este pr\u00f3ximo s\u00e1bado 1 de marzo en la Plaza 1ero. de Mayo.<\/p>\n\n\n\n<p>En el lugar podr\u00e1n realizar pagos, convenios, solicitud de medidores, contrato de servicios, cambios de nombre y hasta reportes como desazolves, fugas y dem\u00e1s solicitudes en un horario de 4:00 a 7:00 de la tarde.<\/p>\n","protected":false},"excerpt":{"rendered":"<p>Por: Staff | #NuevoLaredo #Laredo #NLD #Tamaulipas Con el objetivo de acercar y brindar atenci\u00f3n a la ciudadan\u00eda que requiera regularizar, la Comisi\u00f3n Municipal de Agua Potable y Alcantarillado estar\u00e1 presente con su Oficina M\u00f3vil en el Bazar Primavera a realizarse este pr\u00f3ximo s\u00e1bado 1 de marzo en la Plaza 1ero. de Mayo. En el &hellip;<\/p>\n","protected":false},"author":1,"featured_media":14485,"comment_status":"open","ping_status":"open","sticky":false,"template":"","format":"standard","meta":{"footnotes":""},"categories":[38],"tags":[],"class_list":["post-14484","post","type-post","status-publish","format-standard","has-post-thumbnail","","category-nuevo-laredo"],"_links":{"self":[{"href":"https:\/\/www.radiointeractivo.com.mx\/index.php?rest_route=\/wp\/v2\/posts\/14484","targetHints":{"allow":["GET"]}}],"collection":[{"href":"https:\/\/www.radiointeractivo.com.mx\/index.php?rest_route=\/wp\/v2\/posts"}],"about":[{"href":"https:\/\/www.radiointeractivo.com.mx\/index.php?rest_route=\/wp\/v2\/types\/post"}],"author":[{"embeddable":true,"href":"https:\/\/www.radiointeractivo.com.mx\/index.php?rest_route=\/wp\/v2\/users\/1"}],"replies":[{"embeddable":true,"href":"https:\/\/www.radiointeractivo.com.mx\/index.php?rest_route=%2Fwp%2Fv2%2Fcomments&post=14484"}],"version-history":[{"count":1,"href":"https:\/\/www.radiointeractivo.com.mx\/index.php?rest_route=\/wp\/v2\/posts\/14484\/revisions"}],"predecessor-version":[{"id":14486,"href":"https:\/\/www.radiointeractivo.com.mx\/index.php?rest_route=\/wp\/v2\/posts\/14484\/revisions\/14486"}],"wp:featuredmedia":[{"embeddable":true,"href":"https:\/\/www.radiointeractivo.com.mx\/index.php?rest_route=\/wp\/v2\/media\/14485"}],"wp:attachment":[{"href":"https:\/\/www.radiointeractivo.com.mx\/index.php?rest_route=%2Fwp%2Fv2%2Fmedia&parent=14484"}],"wp:term":[{"taxonomy":"category","embeddable":true,"href":"https:\/\/www.radiointeractivo.com.mx\/index.php?rest_route=%2Fwp%2Fv2%2Fcategories&post=14484"},{"taxonomy":"post_tag","embeddable":true,"href":"https:\/\/www.radiointeractivo.com.mx\/index.php?rest_route=%2Fwp%2Fv2%2Ftags&post=14484"}],"curies":[{"name":"wp","href":"https:\/\/api.w.org\/{rel}","templated":true}]}}