{"id":14481,"date":"2025-02-28T18:05:17","date_gmt":"2025-03-01T00:05:17","guid":{"rendered":"https:\/\/www.radiointeractivo.com.mx\/?p=14481"},"modified":"2025-02-28T18:05:19","modified_gmt":"2025-03-01T00:05:19","slug":"imjuve-acerca-programas-a-jovenes-a-traves-de-brigadas-de-contacto","status":"publish","type":"post","link":"https:\/\/www.radiointeractivo.com.mx\/?p=14481","title":{"rendered":"IMJUVE ACERCA PROGRAMAS A J\u00d3VENES A TRAV\u00c9S DE BRIGADAS DE CONTACTO"},"content":{"rendered":"\n<figure class=\"wp-block-image size-large\"><img loading=\"lazy\" decoding=\"async\" width=\"1024\" height=\"684\" src=\"https:\/\/www.radiointeractivo.com.mx\/wp-content\/uploads\/2025\/02\/WhatsApp-Image-2025-02-28-at-12.06.31-PM-1024x684.jpeg\" alt=\"\" class=\"wp-image-14482\" srcset=\"https:\/\/www.radiointeractivo.com.mx\/wp-content\/uploads\/2025\/02\/WhatsApp-Image-2025-02-28-at-12.06.31-PM-1024x684.jpeg 1024w, https:\/\/www.radiointeractivo.com.mx\/wp-content\/uploads\/2025\/02\/WhatsApp-Image-2025-02-28-at-12.06.31-PM-300x200.jpeg 300w, https:\/\/www.radiointeractivo.com.mx\/wp-content\/uploads\/2025\/02\/WhatsApp-Image-2025-02-28-at-12.06.31-PM-768x513.jpeg 768w, https:\/\/www.radiointeractivo.com.mx\/wp-content\/uploads\/2025\/02\/WhatsApp-Image-2025-02-28-at-12.06.31-PM-1536x1026.jpeg 1536w, https:\/\/www.radiointeractivo.com.mx\/wp-content\/uploads\/2025\/02\/WhatsApp-Image-2025-02-28-at-12.06.31-PM.jpeg 1600w\" sizes=\"auto, (max-width: 1024px) 100vw, 1024px\" \/><\/figure>\n\n\n\n<p>Por: Staff | #NuevoLaredo #Laredo #NLD #Tamaulipas<\/p>\n\n\n\n<p>Con el objetivo de acercar los programas municipales, el Instituto Municipal de la Juventud (IMJUVE) lleva a cabo brigadas de contacto joven en diversos planteles educativos, centros de trabajo y colonias de la ciudad, en esta ocasi\u00f3n visitaron la Escuela Secundaria T\u00e9cnica No. 78.<\/p>\n\n\n\n<p>Jes\u00fas Espinoza, director del IMJUVE, destac\u00f3 la importancia de esta iniciativa para brindar mayores oportunidades y atenci\u00f3n a los j\u00f3venes de Nuevo Laredo.<\/p>\n\n\n\n<p>\u201cEste es uno de los programas prioritarios de nuestra presidenta municipal, Carmen Lilia Canturosas, que busca llevar de manera directa estos servicios a la comunidad. En esta ocasi\u00f3n, nos encontramos en la Secundaria 78 de la colonia Voluntad y Trabajo 4, donde instalamos m\u00f3dulos de cultura, deporte, medio ambiente y atenci\u00f3n ciudadana\u201d, se\u00f1al\u00f3 Espinoza.<\/p>\n\n\n\n<p>El funcionario resalt\u00f3 que esta jornada tiene un enfoque integral, permitiendo que los j\u00f3venes tengan acceso a una amplia gama de programas en un solo espacio.<\/p>\n\n\n\n<p>Los m\u00f3dulos m\u00e1s visitados por los j\u00f3venes son acerca del cuidado y los m\u00e9todos de prevenci\u00f3n de embarazos y sexualidad y el \u00e1rea de lectura de la Direcci\u00f3n de Arte y Cultura.<\/p>\n\n\n\n<p>Hasta la fecha, estas brigadas han visitado diez secundarias y tres preparatorias, consolid\u00e1ndose como un esfuerzo clave para el desarrollo y bienestar de la juventud en la ciudad.<\/p>\n","protected":false},"excerpt":{"rendered":"<p>Por: Staff | #NuevoLaredo #Laredo #NLD #Tamaulipas Con el objetivo de acercar los programas municipales, el Instituto Municipal de la Juventud (IMJUVE) lleva a cabo brigadas de contacto joven en diversos planteles educativos, centros de trabajo y colonias de la ciudad, en esta ocasi\u00f3n visitaron la Escuela Secundaria T\u00e9cnica No. 78. Jes\u00fas Espinoza, director del &hellip;<\/p>\n","protected":false},"author":1,"featured_media":14482,"comment_status":"open","ping_status":"open","sticky":false,"template":"","format":"standard","meta":{"footnotes":""},"categories":[38],"tags":[],"class_list":["post-14481","post","type-post","status-publish","format-standard","has-post-thumbnail","","category-nuevo-laredo"],"_links":{"self":[{"href":"https:\/\/www.radiointeractivo.com.mx\/index.php?rest_route=\/wp\/v2\/posts\/14481","targetHints":{"allow":["GET"]}}],"collection":[{"href":"https:\/\/www.radiointeractivo.com.mx\/index.php?rest_route=\/wp\/v2\/posts"}],"about":[{"href":"https:\/\/www.radiointeractivo.com.mx\/index.php?rest_route=\/wp\/v2\/types\/post"}],"author":[{"embeddable":true,"href":"https:\/\/www.radiointeractivo.com.mx\/index.php?rest_route=\/wp\/v2\/users\/1"}],"replies":[{"embeddable":true,"href":"https:\/\/www.radiointeractivo.com.mx\/index.php?rest_route=%2Fwp%2Fv2%2Fcomments&post=14481"}],"version-history":[{"count":1,"href":"https:\/\/www.radiointeractivo.com.mx\/index.php?rest_route=\/wp\/v2\/posts\/14481\/revisions"}],"predecessor-version":[{"id":14483,"href":"https:\/\/www.radiointeractivo.com.mx\/index.php?rest_route=\/wp\/v2\/posts\/14481\/revisions\/14483"}],"wp:featuredmedia":[{"embeddable":true,"href":"https:\/\/www.radiointeractivo.com.mx\/index.php?rest_route=\/wp\/v2\/media\/14482"}],"wp:attachment":[{"href":"https:\/\/www.radiointeractivo.com.mx\/index.php?rest_route=%2Fwp%2Fv2%2Fmedia&parent=14481"}],"wp:term":[{"taxonomy":"category","embeddable":true,"href":"https:\/\/www.radiointeractivo.com.mx\/index.php?rest_route=%2Fwp%2Fv2%2Fcategories&post=14481"},{"taxonomy":"post_tag","embeddable":true,"href":"https:\/\/www.radiointeractivo.com.mx\/index.php?rest_route=%2Fwp%2Fv2%2Ftags&post=14481"}],"curies":[{"name":"wp","href":"https:\/\/api.w.org\/{rel}","templated":true}]}}