{"id":14478,"date":"2025-02-28T17:47:15","date_gmt":"2025-02-28T23:47:15","guid":{"rendered":"https:\/\/www.radiointeractivo.com.mx\/?p=14478"},"modified":"2025-02-28T17:47:16","modified_gmt":"2025-02-28T23:47:16","slug":"celebran-el-119-aniversario-de-la-centenaria-banda-de-musica-municipal-con-emotivo-concierto","status":"publish","type":"post","link":"https:\/\/www.radiointeractivo.com.mx\/?p=14478","title":{"rendered":"CELEBRAN EL 119\u00b0 ANIVERSARIO DE LA CENTENARIA BANDA DE M\u00daSICA MUNICIPAL CON EMOTIVO CONCIERTO"},"content":{"rendered":"\n<figure class=\"wp-block-image size-large\"><img loading=\"lazy\" decoding=\"async\" width=\"1024\" height=\"684\" src=\"https:\/\/www.radiointeractivo.com.mx\/wp-content\/uploads\/2025\/02\/WhatsApp-Image-2025-02-28-at-12.01.50-PM-1024x684.jpeg\" alt=\"\" class=\"wp-image-14479\" srcset=\"https:\/\/www.radiointeractivo.com.mx\/wp-content\/uploads\/2025\/02\/WhatsApp-Image-2025-02-28-at-12.01.50-PM-1024x684.jpeg 1024w, https:\/\/www.radiointeractivo.com.mx\/wp-content\/uploads\/2025\/02\/WhatsApp-Image-2025-02-28-at-12.01.50-PM-300x200.jpeg 300w, https:\/\/www.radiointeractivo.com.mx\/wp-content\/uploads\/2025\/02\/WhatsApp-Image-2025-02-28-at-12.01.50-PM-768x513.jpeg 768w, https:\/\/www.radiointeractivo.com.mx\/wp-content\/uploads\/2025\/02\/WhatsApp-Image-2025-02-28-at-12.01.50-PM-1536x1026.jpeg 1536w, https:\/\/www.radiointeractivo.com.mx\/wp-content\/uploads\/2025\/02\/WhatsApp-Image-2025-02-28-at-12.01.50-PM.jpeg 1600w\" sizes=\"auto, (max-width: 1024px) 100vw, 1024px\" \/><\/figure>\n\n\n\n<p>Por: Staff | #NuevoLaredo #Laredo #NLD #Tamaulipas<\/p>\n\n\n\n<p>En el marco de su 119\u00b0 aniversario, la Centenaria Banda de M\u00fasica Municipal ofreci\u00f3 un espectacular concierto en Estaci\u00f3n Palabra, donde los asistentes disfrutaron de una noche llena de historia y emoci\u00f3n a trav\u00e9s de la m\u00fasica.<\/p>\n\n\n\n<p>Durante aproximadamente una hora, la banda deleit\u00f3 a los presentes con un recorrido musical que abarc\u00f3 desde piezas representativas de la \u00e9poca de la Revoluci\u00f3n Mexicana hasta grandes composiciones europeas, demostrando su versatilidad y excelencia interpretativa.<\/p>\n\n\n\n<p>El evento no solo resalt\u00f3 la importancia de esta agrupaci\u00f3n emblem\u00e1tica de la ciudad, sino que tambi\u00e9n reforz\u00f3 su compromiso de seguir transmitiendo la riqueza musical a las nuevas generaciones.<\/p>\n\n\n\n<p>Con un repertorio cuidadosamente seleccionado y una interpretaci\u00f3n magistral, la Centenaria Banda de M\u00fasica Municipal dej\u00f3 en claro por qu\u00e9 sigue siendo un referente en la identidad cultural de Nuevo Laredo.<\/p>\n","protected":false},"excerpt":{"rendered":"<p>Por: Staff | #NuevoLaredo #Laredo #NLD #Tamaulipas En el marco de su 119\u00b0 aniversario, la Centenaria Banda de M\u00fasica Municipal ofreci\u00f3 un espectacular concierto en Estaci\u00f3n Palabra, donde los asistentes disfrutaron de una noche llena de historia y emoci\u00f3n a trav\u00e9s de la m\u00fasica. Durante aproximadamente una hora, la banda deleit\u00f3 a los presentes con &hellip;<\/p>\n","protected":false},"author":1,"featured_media":14479,"comment_status":"open","ping_status":"open","sticky":false,"template":"","format":"standard","meta":{"footnotes":""},"categories":[38],"tags":[],"class_list":["post-14478","post","type-post","status-publish","format-standard","has-post-thumbnail","","category-nuevo-laredo"],"_links":{"self":[{"href":"https:\/\/www.radiointeractivo.com.mx\/index.php?rest_route=\/wp\/v2\/posts\/14478","targetHints":{"allow":["GET"]}}],"collection":[{"href":"https:\/\/www.radiointeractivo.com.mx\/index.php?rest_route=\/wp\/v2\/posts"}],"about":[{"href":"https:\/\/www.radiointeractivo.com.mx\/index.php?rest_route=\/wp\/v2\/types\/post"}],"author":[{"embeddable":true,"href":"https:\/\/www.radiointeractivo.com.mx\/index.php?rest_route=\/wp\/v2\/users\/1"}],"replies":[{"embeddable":true,"href":"https:\/\/www.radiointeractivo.com.mx\/index.php?rest_route=%2Fwp%2Fv2%2Fcomments&post=14478"}],"version-history":[{"count":1,"href":"https:\/\/www.radiointeractivo.com.mx\/index.php?rest_route=\/wp\/v2\/posts\/14478\/revisions"}],"predecessor-version":[{"id":14480,"href":"https:\/\/www.radiointeractivo.com.mx\/index.php?rest_route=\/wp\/v2\/posts\/14478\/revisions\/14480"}],"wp:featuredmedia":[{"embeddable":true,"href":"https:\/\/www.radiointeractivo.com.mx\/index.php?rest_route=\/wp\/v2\/media\/14479"}],"wp:attachment":[{"href":"https:\/\/www.radiointeractivo.com.mx\/index.php?rest_route=%2Fwp%2Fv2%2Fmedia&parent=14478"}],"wp:term":[{"taxonomy":"category","embeddable":true,"href":"https:\/\/www.radiointeractivo.com.mx\/index.php?rest_route=%2Fwp%2Fv2%2Fcategories&post=14478"},{"taxonomy":"post_tag","embeddable":true,"href":"https:\/\/www.radiointeractivo.com.mx\/index.php?rest_route=%2Fwp%2Fv2%2Ftags&post=14478"}],"curies":[{"name":"wp","href":"https:\/\/api.w.org\/{rel}","templated":true}]}}