{"id":14454,"date":"2025-02-26T18:03:30","date_gmt":"2025-02-27T00:03:30","guid":{"rendered":"https:\/\/www.radiointeractivo.com.mx\/?p=14454"},"modified":"2025-02-26T18:03:31","modified_gmt":"2025-02-27T00:03:31","slug":"inicia-sipinna-tamaulipas-consulta-para-garantizar-los-derechos-de-ninas-ninos-adolescentes-y-madres-gestantes-en-municipios-fronterizos","status":"publish","type":"post","link":"https:\/\/www.radiointeractivo.com.mx\/?p=14454","title":{"rendered":"Inicia SIPINNA Tamaulipas consulta para garantizar los derechos de ni\u00f1as, ni\u00f1os, adolescentes y madres gestantes en municipios fronterizos"},"content":{"rendered":"\n<figure class=\"wp-block-image size-large\"><img loading=\"lazy\" decoding=\"async\" width=\"1024\" height=\"729\" src=\"https:\/\/www.radiointeractivo.com.mx\/wp-content\/uploads\/2025\/02\/WhatsApp-Image-2025-02-26-at-5.35.55-PM-1024x729.jpeg\" alt=\"\" class=\"wp-image-14455\" srcset=\"https:\/\/www.radiointeractivo.com.mx\/wp-content\/uploads\/2025\/02\/WhatsApp-Image-2025-02-26-at-5.35.55-PM-1024x729.jpeg 1024w, https:\/\/www.radiointeractivo.com.mx\/wp-content\/uploads\/2025\/02\/WhatsApp-Image-2025-02-26-at-5.35.55-PM-300x214.jpeg 300w, https:\/\/www.radiointeractivo.com.mx\/wp-content\/uploads\/2025\/02\/WhatsApp-Image-2025-02-26-at-5.35.55-PM-768x547.jpeg 768w, https:\/\/www.radiointeractivo.com.mx\/wp-content\/uploads\/2025\/02\/WhatsApp-Image-2025-02-26-at-5.35.55-PM.jpeg 1280w\" sizes=\"auto, (max-width: 1024px) 100vw, 1024px\" \/><\/figure>\n\n\n\n<p>Por: Agencias<\/p>\n\n\n\n<p>Reynosa, Tamaulipas.- El Sistema de Protecci\u00f3n Integral de Ni\u00f1as, Ni\u00f1os y Adolescentes (SIPINNA) de Tamaulipas llevar\u00e1 a cabo una consulta dirigida a ni\u00f1as, ni\u00f1os, adolescentes y madres gestantes con el objetivo de asegurar la participaci\u00f3n activa de la ni\u00f1ez y adolescencia en contexto de movilidad, garantizando el derecho a la libertad de expresi\u00f3n y al ejercicio pleno de sus derechos.<\/p>\n\n\n\n<p>Ivette Salazar M\u00e1rquez, secretaria ejecutiva del SIPINNA Tamaulipas, destac\u00f3 que &#8220;esta consulta tiene como finalidad hacer valer el derecho de la ni\u00f1ez y adolescencia en contexto de movilidad, a la participaci\u00f3n y a la libertad de expresi\u00f3n; al mismo tiempo, analizar su contexto social y el de sus familias para que pueda servir de l\u00ednea de base en la creaci\u00f3n de acciones y pol\u00edticas p\u00fablicas que respondan a sus necesidades desde la etapa prenatal&#8221;.<\/p>\n\n\n\n<p>Adem\u00e1s, subray\u00f3 la importancia de otorgar a las ni\u00f1as, ni\u00f1os y adolescentes la oportunidad de influir activamente en temas que afectan su vida cotidiana y sus derechos, reconoci\u00e9ndolos como actores clave en la sociedad.<\/p>\n\n\n\n<p>&#8220;Es esencial asegurar que sus voces sean escuchadas en la toma de decisiones y en la formulaci\u00f3n de medidas que aborden sus necesidades y derechos espec\u00edficos&#8221;, a\u00f1adi\u00f3.<\/p>\n\n\n\n<p>Explic\u00f3 que la consulta se llevar\u00e1 a cabo en los municipios fronterizos de Reynosa, Nuevo Laredo y Matamoros, del 25 de marzo hasta el 18 de abril de 2025, a trav\u00e9s de los SIPINNAS municipales.<\/p>\n\n\n\n<p>Salazar M\u00e1rquez, reafirm\u00f3 que &#8220;para el gobernador de Tamaulipas, Am\u00e9rico Villarreal Anaya, es fundamental velar por los derechos de la ni\u00f1ez tamaulipeca, ya que la protecci\u00f3n, desarrollo y bienestar de nuestras ni\u00f1as, ni\u00f1os y adolescentes son uno de los ejes centrales de su administraci\u00f3n. Su compromiso es garantizar que crezcan en un entorno seguro, con acceso a la salud, educaci\u00f3n de calidad, y el pleno ejercicio de sus derechos, independientemente de su contexto de movilidad&#8221;.<\/p>\n\n\n\n<p>La consulta estar\u00e1 orientada a obtener informaci\u00f3n de las mujeres gestantes sobre los servicios y atenciones que consideran necesarios para el \u00f3ptimo desarrollo de su embarazo, a la ni\u00f1ez de primer infancia mediante dibujos, y a ni\u00f1os, ni\u00f1as y adolescentes de 8 a 17 a\u00f1os a trav\u00e9s de cuestionarios.<\/p>\n\n\n\n<p>Este ejercicio busca identificar necesidades y \u00e1reas de mejora que permitan dise\u00f1ar pol\u00edticas p\u00fablicas que garanticen el bienestar y desarrollo integral de este grupo de atenci\u00f3n prioritaria.<\/p>\n\n\n\n<p>La funcionaria estatal, dijo que los resultados servir\u00e1n como base para la creaci\u00f3n de acciones y programas conjuntos entre sociedad civil y gobierno, con el objetivo de garantizar a la infancia y adolescencia el derecho a una vida saludable, una educaci\u00f3n de calidad, y la protecci\u00f3n contra todo tipo de abuso y violencia. Adem\u00e1s, se buscar\u00e1 asegurar el acceso a servicios esenciales para mujeres gestantes, favoreciendo un \u00f3ptimo desarrollo durante el embarazo.<\/p>\n\n\n\n<p>El proceso contar\u00e1 con el acompa\u00f1amiento de la Organizaci\u00f3n Internacional World Vision y la sinergia de los investigadores del CRETAM, lo cual permitir\u00e1 a los investigadores identificar componentes clave para mejorar la labor docente dirigida a este grupo poblacional.<\/p>\n","protected":false},"excerpt":{"rendered":"<p>Por: Agencias Reynosa, Tamaulipas.- El Sistema de Protecci\u00f3n Integral de Ni\u00f1as, Ni\u00f1os y Adolescentes (SIPINNA) de Tamaulipas llevar\u00e1 a cabo una consulta dirigida a ni\u00f1as, ni\u00f1os, adolescentes y madres gestantes con el objetivo de asegurar la participaci\u00f3n activa de la ni\u00f1ez y adolescencia en contexto de movilidad, garantizando el derecho a la libertad de expresi\u00f3n &hellip;<\/p>\n","protected":false},"author":1,"featured_media":14455,"comment_status":"open","ping_status":"open","sticky":false,"template":"","format":"standard","meta":{"footnotes":""},"categories":[39],"tags":[],"class_list":["post-14454","post","type-post","status-publish","format-standard","has-post-thumbnail","","category-tamaulipas"],"_links":{"self":[{"href":"https:\/\/www.radiointeractivo.com.mx\/index.php?rest_route=\/wp\/v2\/posts\/14454","targetHints":{"allow":["GET"]}}],"collection":[{"href":"https:\/\/www.radiointeractivo.com.mx\/index.php?rest_route=\/wp\/v2\/posts"}],"about":[{"href":"https:\/\/www.radiointeractivo.com.mx\/index.php?rest_route=\/wp\/v2\/types\/post"}],"author":[{"embeddable":true,"href":"https:\/\/www.radiointeractivo.com.mx\/index.php?rest_route=\/wp\/v2\/users\/1"}],"replies":[{"embeddable":true,"href":"https:\/\/www.radiointeractivo.com.mx\/index.php?rest_route=%2Fwp%2Fv2%2Fcomments&post=14454"}],"version-history":[{"count":1,"href":"https:\/\/www.radiointeractivo.com.mx\/index.php?rest_route=\/wp\/v2\/posts\/14454\/revisions"}],"predecessor-version":[{"id":14456,"href":"https:\/\/www.radiointeractivo.com.mx\/index.php?rest_route=\/wp\/v2\/posts\/14454\/revisions\/14456"}],"wp:featuredmedia":[{"embeddable":true,"href":"https:\/\/www.radiointeractivo.com.mx\/index.php?rest_route=\/wp\/v2\/media\/14455"}],"wp:attachment":[{"href":"https:\/\/www.radiointeractivo.com.mx\/index.php?rest_route=%2Fwp%2Fv2%2Fmedia&parent=14454"}],"wp:term":[{"taxonomy":"category","embeddable":true,"href":"https:\/\/www.radiointeractivo.com.mx\/index.php?rest_route=%2Fwp%2Fv2%2Fcategories&post=14454"},{"taxonomy":"post_tag","embeddable":true,"href":"https:\/\/www.radiointeractivo.com.mx\/index.php?rest_route=%2Fwp%2Fv2%2Ftags&post=14454"}],"curies":[{"name":"wp","href":"https:\/\/api.w.org\/{rel}","templated":true}]}}