{"id":1445,"date":"2023-09-04T22:11:04","date_gmt":"2023-09-05T03:11:04","guid":{"rendered":"https:\/\/www.radiointeractivo.com.mx\/?p=1445"},"modified":"2023-09-04T22:11:05","modified_gmt":"2023-09-05T03:11:05","slug":"secretaria-del-trabajo-capacita-a-personal-en-codigo-de-conducta-y-prevencion-de-conflictos-de-interes","status":"publish","type":"post","link":"https:\/\/www.radiointeractivo.com.mx\/?p=1445","title":{"rendered":"Secretar\u00eda del Trabajo capacita a personal en C\u00f3digo de Conducta y Prevenci\u00f3n de Conflictos de Inter\u00e9s"},"content":{"rendered":"\n<p>-Fortalecemos la cultura laboral apegada a valores \u00e9ticos: Olga Sosa Ru\u00edz<\/p>\n\n\n\n<p>Por: Agencias<\/p>\n\n\n\n<p>Ciudad Victoria Tamaulipas.- Personal de las diversas \u00e1reas que integran la Secretar\u00eda del Trabajo y Previsi\u00f3n Social de Tamaulipas, recibieron una capacitaci\u00f3n para tener conocimiento pleno del C\u00f3digo de Conducta y Prevenci\u00f3n de Conflictos de Inter\u00e9s, por el que se rigen las y los trabajadores de esta dependencia estatal.<\/p>\n\n\n\n<p>La titular Olga Patricia Sosa Ru\u00edz, precis\u00f3 por conducto de la directora de Actualizaci\u00f3n Permanente Lorena Enr\u00edquez Huerta, que en toda la secretar\u00eda se inici\u00f3 la capacitaci\u00f3n relativa a este c\u00f3digo.<\/p>\n\n\n\n<p>&#8220;El sello humanista que caracteriza el gobierno del doctor Am\u00e9rico Villarreal Anaya, implica contar con una cultura laboral apegada a valores \u00e9ticos, de calidad, compromiso, igualdad de g\u00e9nero y lealtad, de esa manera habremos de avanzar en construir una gesti\u00f3n de gobierno apegada a un c\u00f3digo de conducta \u00e9tica, que prestigia la transformaci\u00f3n de Tamaulipas&#8221;, inform\u00f3 la funcionaria.<\/p>\n\n\n\n<p>De acuerdo al art\u00edculo 3\u00b0 del C\u00f3digo de \u00c9tica de las y los servidores p\u00fablicos del Estado de Tamaulipas, las dependencias y entidades de la administraci\u00f3n, tendr\u00e1n la obligaci\u00f3n de hacer del conocimiento a todo su personal, del C\u00f3digo de \u00c9tica y tambi\u00e9n el C\u00f3digo de Conducta correspondiente a cada dependencia.<\/p>\n\n\n\n<p>Durante el desarrollo de los temas, se dio a conocer que los servidores p\u00fablicos del Gobierno del Estado y por ende los que integran la Secretar\u00eda del Trabajo y Previsi\u00f3n Social, deben trabajar con compromiso, derechos humanos, disciplina, honradez, igualdad de g\u00e9nero, inclusi\u00f3n, lealtad, liderazgo, respeto y transparencia.<\/p>\n\n\n\n<p>Indic\u00f3 que las autoridades competentes para aplicar el presente c\u00f3digo son el Comit\u00e9 de \u00c9tica del Gobierno del Estado, la Contralor\u00eda Gubernamental, los \u00f3rganos internos de control de las dependencias y entidades; as\u00ed como los Comit\u00e9s de \u00c9tica, Conducta y Prevenci\u00f3n de Conflictos de Inter\u00e9s de cada dependencia o entidad de Tamaulipas.<\/p>\n\n\n\n<p>Al evento asistieron el subsecretario del Trabajo y Conciliaci\u00f3n, Mario Mireles Salas; Juan Carlos Cortina del Centro de Conciliaci\u00f3n Laboral, Selene L\u00f3pez S\u00e1nchez, directora jur\u00eddica y de Acceso a la Informaci\u00f3n P\u00fablica; Cecilia Guadalupe Camarillo Garc\u00eda, titular del \u00d3rgano Interno de Control; Jes\u00fas Mart\u00ednez Reding Marroqu\u00edn, director Administrativo y Lorena Enr\u00edquez Huerta directora de Actualizaci\u00f3n Permanente.<\/p>\n\n\n\n<p>Tambi\u00e9n asistieron a este curso Jes\u00fas Comsille Guzm\u00e1n, director de Planeaci\u00f3n, Evaluaci\u00f3n y Estad\u00edstica; Mar\u00eda de los \u00c1ngeles Borbolla Barr\u00f3n, procuradora general de la Defensa del Trabajo; Leonel Tavares Flores, director de Conciliaci\u00f3n y Relaciones Laborales; Rosa Elena Salazar Fuentes, directora de Capacitaci\u00f3n y Productividad, as\u00ed como Brayan Ulises Morales Gonz\u00e1lez, director de Seguro de Desempleo.<\/p>\n","protected":false},"excerpt":{"rendered":"<p>-Fortalecemos la cultura laboral apegada a valores \u00e9ticos: Olga Sosa Ru\u00edz Por: Agencias Ciudad Victoria Tamaulipas.- Personal de las diversas \u00e1reas que integran la Secretar\u00eda del Trabajo y Previsi\u00f3n Social de Tamaulipas, recibieron una capacitaci\u00f3n para tener conocimiento pleno del C\u00f3digo de Conducta y Prevenci\u00f3n de Conflictos de Inter\u00e9s, por el que se rigen las &hellip;<\/p>\n","protected":false},"author":1,"featured_media":1446,"comment_status":"open","ping_status":"open","sticky":false,"template":"","format":"standard","meta":{"footnotes":""},"categories":[39],"tags":[],"class_list":["post-1445","post","type-post","status-publish","format-standard","has-post-thumbnail","","category-tamaulipas"],"_links":{"self":[{"href":"https:\/\/www.radiointeractivo.com.mx\/index.php?rest_route=\/wp\/v2\/posts\/1445","targetHints":{"allow":["GET"]}}],"collection":[{"href":"https:\/\/www.radiointeractivo.com.mx\/index.php?rest_route=\/wp\/v2\/posts"}],"about":[{"href":"https:\/\/www.radiointeractivo.com.mx\/index.php?rest_route=\/wp\/v2\/types\/post"}],"author":[{"embeddable":true,"href":"https:\/\/www.radiointeractivo.com.mx\/index.php?rest_route=\/wp\/v2\/users\/1"}],"replies":[{"embeddable":true,"href":"https:\/\/www.radiointeractivo.com.mx\/index.php?rest_route=%2Fwp%2Fv2%2Fcomments&post=1445"}],"version-history":[{"count":1,"href":"https:\/\/www.radiointeractivo.com.mx\/index.php?rest_route=\/wp\/v2\/posts\/1445\/revisions"}],"predecessor-version":[{"id":1447,"href":"https:\/\/www.radiointeractivo.com.mx\/index.php?rest_route=\/wp\/v2\/posts\/1445\/revisions\/1447"}],"wp:featuredmedia":[{"embeddable":true,"href":"https:\/\/www.radiointeractivo.com.mx\/index.php?rest_route=\/wp\/v2\/media\/1446"}],"wp:attachment":[{"href":"https:\/\/www.radiointeractivo.com.mx\/index.php?rest_route=%2Fwp%2Fv2%2Fmedia&parent=1445"}],"wp:term":[{"taxonomy":"category","embeddable":true,"href":"https:\/\/www.radiointeractivo.com.mx\/index.php?rest_route=%2Fwp%2Fv2%2Fcategories&post=1445"},{"taxonomy":"post_tag","embeddable":true,"href":"https:\/\/www.radiointeractivo.com.mx\/index.php?rest_route=%2Fwp%2Fv2%2Ftags&post=1445"}],"curies":[{"name":"wp","href":"https:\/\/api.w.org\/{rel}","templated":true}]}}