{"id":14439,"date":"2025-02-26T17:48:29","date_gmt":"2025-02-26T23:48:29","guid":{"rendered":"https:\/\/www.radiointeractivo.com.mx\/?p=14439"},"modified":"2025-02-26T17:48:30","modified_gmt":"2025-02-26T23:48:30","slug":"capacitan-a-personal-de-la-sebien-en-materia-migratoria","status":"publish","type":"post","link":"https:\/\/www.radiointeractivo.com.mx\/?p=14439","title":{"rendered":"Capacitan a personal de la SEBIEN en materia migratoria"},"content":{"rendered":"\n<figure class=\"wp-block-image size-large\"><img loading=\"lazy\" decoding=\"async\" width=\"1024\" height=\"768\" src=\"https:\/\/www.radiointeractivo.com.mx\/wp-content\/uploads\/2025\/02\/WhatsApp-Image-2025-02-26-at-11.46.00-AM-1024x768.jpeg\" alt=\"\" class=\"wp-image-14440\" srcset=\"https:\/\/www.radiointeractivo.com.mx\/wp-content\/uploads\/2025\/02\/WhatsApp-Image-2025-02-26-at-11.46.00-AM-1024x768.jpeg 1024w, https:\/\/www.radiointeractivo.com.mx\/wp-content\/uploads\/2025\/02\/WhatsApp-Image-2025-02-26-at-11.46.00-AM-300x225.jpeg 300w, https:\/\/www.radiointeractivo.com.mx\/wp-content\/uploads\/2025\/02\/WhatsApp-Image-2025-02-26-at-11.46.00-AM-768x576.jpeg 768w, https:\/\/www.radiointeractivo.com.mx\/wp-content\/uploads\/2025\/02\/WhatsApp-Image-2025-02-26-at-11.46.00-AM.jpeg 1280w\" sizes=\"auto, (max-width: 1024px) 100vw, 1024px\" \/><\/figure>\n\n\n\n<p>Por: Agencias<\/p>\n\n\n\n<p>Tampico, Tamaulipas \u2013 La Secretar\u00eda de Bienestar Social, encabezada por Silvia Casas Gonz\u00e1lez, llev\u00f3 a cabo las Jornadas de Capacitaci\u00f3n en Materia Migratoria en la Delegaci\u00f3n de Tampico a trav\u00e9s de la Subsecretar\u00eda de Bienestar Social, en conjunto con el Instituto Tamaulipeco para los Migrantes.<\/p>\n\n\n\n<p>El Curso \u201cSensibilizaci\u00f3n y Capacitaci\u00f3n en Materia Migratoria&#8221;, estuvo dirigido a personal de la SEBIEN, con el fin de hacer llegar informaci\u00f3n clave sobre derechos, programas y acciones a las y los tamaulipecos en condici\u00f3n de migrantes.<\/p>\n\n\n\n<p>La capacitaci\u00f3n fue impartida por Juan Jos\u00e9 Rodr\u00edguez Alvarado, director general del Instituto Tamaulipeco para los Migrantes, quien destac\u00f3 la importancia de dotar al personal de bienestar de herramientas para atender con sensibilidad y eficacia las necesidades de la poblaci\u00f3n migrante.<\/p>\n\n\n\n<p>Uno de los objetivos fue reforzar la atenci\u00f3n y orientaci\u00f3n a la comunidad migrante, asegurando que reciban la informaci\u00f3n necesaria para ser beneficiados de los programas con los que cuenta el Instituto Tamaulipeco del Migrante.<\/p>\n\n\n\n<p>Se cont\u00f3 con la participaci\u00f3n de delegados de la SEBIEN, asistentes t\u00e9cnicos de la Regi\u00f3n 7, que conforman los municipios de Aldama, Altamira, Madero y Tampico; y la enlace de la Subsecretar\u00eda de Bienestar Social, Martha Catalina Reyes Hern\u00e1ndez.<\/p>\n\n\n\n<p>Los cursos se contemplan desarrollar en todas las delegaciones de la Secretar\u00eda de Bienestar Social que se encuentran en los diferentes municipios del estado.<\/p>\n","protected":false},"excerpt":{"rendered":"<p>Por: Agencias Tampico, Tamaulipas \u2013 La Secretar\u00eda de Bienestar Social, encabezada por Silvia Casas Gonz\u00e1lez, llev\u00f3 a cabo las Jornadas de Capacitaci\u00f3n en Materia Migratoria en la Delegaci\u00f3n de Tampico a trav\u00e9s de la Subsecretar\u00eda de Bienestar Social, en conjunto con el Instituto Tamaulipeco para los Migrantes. El Curso \u201cSensibilizaci\u00f3n y Capacitaci\u00f3n en Materia Migratoria&#8221;, &hellip;<\/p>\n","protected":false},"author":1,"featured_media":14440,"comment_status":"open","ping_status":"open","sticky":false,"template":"","format":"standard","meta":{"footnotes":""},"categories":[39],"tags":[],"class_list":["post-14439","post","type-post","status-publish","format-standard","has-post-thumbnail","","category-tamaulipas"],"_links":{"self":[{"href":"https:\/\/www.radiointeractivo.com.mx\/index.php?rest_route=\/wp\/v2\/posts\/14439","targetHints":{"allow":["GET"]}}],"collection":[{"href":"https:\/\/www.radiointeractivo.com.mx\/index.php?rest_route=\/wp\/v2\/posts"}],"about":[{"href":"https:\/\/www.radiointeractivo.com.mx\/index.php?rest_route=\/wp\/v2\/types\/post"}],"author":[{"embeddable":true,"href":"https:\/\/www.radiointeractivo.com.mx\/index.php?rest_route=\/wp\/v2\/users\/1"}],"replies":[{"embeddable":true,"href":"https:\/\/www.radiointeractivo.com.mx\/index.php?rest_route=%2Fwp%2Fv2%2Fcomments&post=14439"}],"version-history":[{"count":1,"href":"https:\/\/www.radiointeractivo.com.mx\/index.php?rest_route=\/wp\/v2\/posts\/14439\/revisions"}],"predecessor-version":[{"id":14441,"href":"https:\/\/www.radiointeractivo.com.mx\/index.php?rest_route=\/wp\/v2\/posts\/14439\/revisions\/14441"}],"wp:featuredmedia":[{"embeddable":true,"href":"https:\/\/www.radiointeractivo.com.mx\/index.php?rest_route=\/wp\/v2\/media\/14440"}],"wp:attachment":[{"href":"https:\/\/www.radiointeractivo.com.mx\/index.php?rest_route=%2Fwp%2Fv2%2Fmedia&parent=14439"}],"wp:term":[{"taxonomy":"category","embeddable":true,"href":"https:\/\/www.radiointeractivo.com.mx\/index.php?rest_route=%2Fwp%2Fv2%2Fcategories&post=14439"},{"taxonomy":"post_tag","embeddable":true,"href":"https:\/\/www.radiointeractivo.com.mx\/index.php?rest_route=%2Fwp%2Fv2%2Ftags&post=14439"}],"curies":[{"name":"wp","href":"https:\/\/api.w.org\/{rel}","templated":true}]}}