{"id":14422,"date":"2025-02-26T12:59:50","date_gmt":"2025-02-26T18:59:50","guid":{"rendered":"https:\/\/www.radiointeractivo.com.mx\/?p=14422"},"modified":"2025-02-26T12:59:51","modified_gmt":"2025-02-26T18:59:51","slug":"impulsa-universidad-tecnologica-de-nuevo-laredo-la-sustentabilidad-entre-sus-estudiantes","status":"publish","type":"post","link":"https:\/\/www.radiointeractivo.com.mx\/?p=14422","title":{"rendered":"Impulsa Universidad Tecnol\u00f3gica de Nuevo Laredo la sustentabilidad entre sus estudiantes"},"content":{"rendered":"\n<figure class=\"wp-block-image size-large\"><img loading=\"lazy\" decoding=\"async\" width=\"1024\" height=\"650\" src=\"https:\/\/www.radiointeractivo.com.mx\/wp-content\/uploads\/2025\/02\/WhatsApp-Image-2025-02-26-at-10.20.08-AM-1024x650.jpeg\" alt=\"\" class=\"wp-image-14423\" srcset=\"https:\/\/www.radiointeractivo.com.mx\/wp-content\/uploads\/2025\/02\/WhatsApp-Image-2025-02-26-at-10.20.08-AM-1024x650.jpeg 1024w, https:\/\/www.radiointeractivo.com.mx\/wp-content\/uploads\/2025\/02\/WhatsApp-Image-2025-02-26-at-10.20.08-AM-300x191.jpeg 300w, https:\/\/www.radiointeractivo.com.mx\/wp-content\/uploads\/2025\/02\/WhatsApp-Image-2025-02-26-at-10.20.08-AM-768x488.jpeg 768w, https:\/\/www.radiointeractivo.com.mx\/wp-content\/uploads\/2025\/02\/WhatsApp-Image-2025-02-26-at-10.20.08-AM.jpeg 1310w\" sizes=\"auto, (max-width: 1024px) 100vw, 1024px\" \/><\/figure>\n\n\n\n<p>Por: Agencias<\/p>\n\n\n\n<p>Nuevo Laredo, Tamaulipas.\u2013 Con el objetivo de generar un compromiso con la transformaci\u00f3n ambiental y el humanismo sustentable entre sus estudiantes, la Universidad Tecnol\u00f3gica de Nuevo Laredo (UTNL) ofreci\u00f3 la conferencia \u201cHuerto Sustentable\u201d, que fue impartida por la Coordinaci\u00f3n de Gesti\u00f3n Ambiental del Gobierno Municipal.<\/p>\n\n\n\n<p>A esta ponencia asistieron alrededor de 120 estudiantes de todas las carreras de la universidad, con lo que se busca inculcar entre las alumnas y alumnos una cultura de la sustentabilidad mediante la creaci\u00f3n de un huerto dentro de la propia instituci\u00f3n, utilizando semillas de \u00e1rboles end\u00e9micos de la regi\u00f3n.<\/p>\n\n\n\n<p>Jos\u00e9 Antonio Tovar Lara, rector de la UTNL, dijo que gracias a este proyecto ecol\u00f3gico se fomentar\u00e1 el trabajo en equipo, el compromiso social y el desarrollo sostenible, principios y conceptos fundamentales en la formaci\u00f3n de los futuros profesionistas de la universidad.<\/p>\n\n\n\n<p>Destac\u00f3 que es un orgullo que la Universidad Tecnol\u00f3gica de Nuevo Laredo cuente con estudiantes que, a trav\u00e9s de este tipo de iniciativas, contribuyan a un futuro m\u00e1s verde y responsable en su ciudad y regi\u00f3n.<\/p>\n\n\n\n<p>Refiri\u00f3 que todas estas iniciativas se encuentran alineadas con las directrices educativas que promueve el gobernador Am\u00e9rico Villarreal Anaya, quien, a trav\u00e9s de la Secretar\u00eda de Educaci\u00f3n de Tamaulipas, que conduce Luc\u00eda Aim\u00e9 Castillo Pastor, implementa programas que fomentan entre el estudiantado una educaci\u00f3n integral y de respeto al medio ambiente.<\/p>\n","protected":false},"excerpt":{"rendered":"<p>Por: Agencias Nuevo Laredo, Tamaulipas.\u2013 Con el objetivo de generar un compromiso con la transformaci\u00f3n ambiental y el humanismo sustentable entre sus estudiantes, la Universidad Tecnol\u00f3gica de Nuevo Laredo (UTNL) ofreci\u00f3 la conferencia \u201cHuerto Sustentable\u201d, que fue impartida por la Coordinaci\u00f3n de Gesti\u00f3n Ambiental del Gobierno Municipal. A esta ponencia asistieron alrededor de 120 estudiantes &hellip;<\/p>\n","protected":false},"author":1,"featured_media":14423,"comment_status":"open","ping_status":"open","sticky":false,"template":"","format":"standard","meta":{"footnotes":""},"categories":[39],"tags":[],"class_list":["post-14422","post","type-post","status-publish","format-standard","has-post-thumbnail","","category-tamaulipas"],"_links":{"self":[{"href":"https:\/\/www.radiointeractivo.com.mx\/index.php?rest_route=\/wp\/v2\/posts\/14422","targetHints":{"allow":["GET"]}}],"collection":[{"href":"https:\/\/www.radiointeractivo.com.mx\/index.php?rest_route=\/wp\/v2\/posts"}],"about":[{"href":"https:\/\/www.radiointeractivo.com.mx\/index.php?rest_route=\/wp\/v2\/types\/post"}],"author":[{"embeddable":true,"href":"https:\/\/www.radiointeractivo.com.mx\/index.php?rest_route=\/wp\/v2\/users\/1"}],"replies":[{"embeddable":true,"href":"https:\/\/www.radiointeractivo.com.mx\/index.php?rest_route=%2Fwp%2Fv2%2Fcomments&post=14422"}],"version-history":[{"count":1,"href":"https:\/\/www.radiointeractivo.com.mx\/index.php?rest_route=\/wp\/v2\/posts\/14422\/revisions"}],"predecessor-version":[{"id":14424,"href":"https:\/\/www.radiointeractivo.com.mx\/index.php?rest_route=\/wp\/v2\/posts\/14422\/revisions\/14424"}],"wp:featuredmedia":[{"embeddable":true,"href":"https:\/\/www.radiointeractivo.com.mx\/index.php?rest_route=\/wp\/v2\/media\/14423"}],"wp:attachment":[{"href":"https:\/\/www.radiointeractivo.com.mx\/index.php?rest_route=%2Fwp%2Fv2%2Fmedia&parent=14422"}],"wp:term":[{"taxonomy":"category","embeddable":true,"href":"https:\/\/www.radiointeractivo.com.mx\/index.php?rest_route=%2Fwp%2Fv2%2Fcategories&post=14422"},{"taxonomy":"post_tag","embeddable":true,"href":"https:\/\/www.radiointeractivo.com.mx\/index.php?rest_route=%2Fwp%2Fv2%2Ftags&post=14422"}],"curies":[{"name":"wp","href":"https:\/\/api.w.org\/{rel}","templated":true}]}}