{"id":14417,"date":"2025-02-26T12:48:05","date_gmt":"2025-02-26T18:48:05","guid":{"rendered":"https:\/\/www.radiointeractivo.com.mx\/?p=14417"},"modified":"2025-02-26T12:48:11","modified_gmt":"2025-02-26T18:48:11","slug":"nataly-garcia-diaz-reafirma-su-compromiso-con-la-salud-de-diaz-ordaz-con-la-primera-brigada-medica-del-2025","status":"publish","type":"post","link":"https:\/\/www.radiointeractivo.com.mx\/?p=14417","title":{"rendered":"Nataly Garc\u00eda D\u00edaz reafirma su compromiso con la salud de D\u00edaz Ordaz con la primera Brigada M\u00e9dica del 2025"},"content":{"rendered":"\n<figure class=\"wp-block-image size-large\"><img loading=\"lazy\" decoding=\"async\" width=\"1024\" height=\"683\" src=\"https:\/\/www.radiointeractivo.com.mx\/wp-content\/uploads\/2025\/02\/WhatsApp-Image-2025-02-26-at-12.44.17-PM-1-1024x683.jpeg\" alt=\"\" class=\"wp-image-14420\" srcset=\"https:\/\/www.radiointeractivo.com.mx\/wp-content\/uploads\/2025\/02\/WhatsApp-Image-2025-02-26-at-12.44.17-PM-1-1024x683.jpeg 1024w, https:\/\/www.radiointeractivo.com.mx\/wp-content\/uploads\/2025\/02\/WhatsApp-Image-2025-02-26-at-12.44.17-PM-1-300x200.jpeg 300w, https:\/\/www.radiointeractivo.com.mx\/wp-content\/uploads\/2025\/02\/WhatsApp-Image-2025-02-26-at-12.44.17-PM-1-768x512.jpeg 768w, https:\/\/www.radiointeractivo.com.mx\/wp-content\/uploads\/2025\/02\/WhatsApp-Image-2025-02-26-at-12.44.17-PM-1-1536x1024.jpeg 1536w, https:\/\/www.radiointeractivo.com.mx\/wp-content\/uploads\/2025\/02\/WhatsApp-Image-2025-02-26-at-12.44.17-PM-1.jpeg 1600w\" sizes=\"auto, (max-width: 1024px) 100vw, 1024px\" \/><\/figure>\n\n\n\n<p>Por: Staff | #DiazOrdaz #Valadeces #Tamaulipas<\/p>\n\n\n\n<p>D\u00edaz Ordaz, Tamaulipas. \u2013 Con el firme compromiso de seguir trabajando por la salud y bienestar de los ciudadanos, la Alcaldesa Nataly Garc\u00eda D\u00edaz, acompa\u00f1ada de integrantes del H. Cabildo y funcionarios de la administraci\u00f3n, puso en marcha esta ma\u00f1ana la primera Brigada M\u00e9dica del 2025, beneficiando a cientos de personas con diversas acciones en favor de la salud p\u00fablica.<\/p>\n\n\n\n<p>En esta jornada, participaron funcionarios de la Jurisdicci\u00f3n Sanitaria IX de la Secretar\u00eda de Salud, as\u00ed como personal m\u00e9dico encabezado por la Dra. Claudia S\u00e1enz en representaci\u00f3n del Titular de la Jurisdicci\u00f3n, Rogelio Arnoldo Olivares. Entre las acciones realizadas destacaron las vacunas, consultas m\u00e9dicas (como toma de presi\u00f3n y glucosa), servicios de salud bucal, atenci\u00f3n a la salud del adulto mayor y del adolescente, as\u00ed como nutrici\u00f3n, detecci\u00f3n de enfermedades de transmisi\u00f3n sexual, promoci\u00f3n de salud, y zoonosis, entre otras actividades.<\/p>\n\n\n\n<p>La alcaldesa Nataly Garc\u00eda D\u00edaz enfatiz\u00f3 que la prevenci\u00f3n es una de las medidas m\u00e1s eficaces para detectar enfermedades de manera temprana, invitando a la comunidad a aprovechar estas jornadas m\u00e9dicas gratuitas que forman parte de la estrategia de salud impulsada por el Gobernador Am\u00e9rico Villarreal Anaya, quien ha transformado la manera de atender a los ciudadanos, garantizando su acceso a los servicios de salud.<\/p>\n\n\n\n<p>Durante la jornada, tambi\u00e9n se hizo entrega de Constancias a los alumnos del CBTis 220, quienes acreditaron el curso \u201cFormaci\u00f3n de Primeros Respondientes en la Atenci\u00f3n Inmediata de Urgencias M\u00e9dicas\u201d. La Alcaldesa Nataly Garc\u00eda D\u00edaz felicit\u00f3 a los estudiantes por su preparaci\u00f3n y reafirm\u00f3 la importancia de contar con m\u00e1s personas capacitas para atender urgencias m\u00e9dicas, destacando que la preparaci\u00f3n es clave para una mejor atenci\u00f3n a la comunidad.<\/p>\n\n\n\n<p>\u201cSeguimos trabajando por una mejor salud para nuestros ciudadanos, y estos programas forman parte de nuestro compromiso con un gobierno humanista y cercano a la gente\u201d, expres\u00f3 Nataly Garc\u00eda D\u00edaz, quien sigue liderando acciones que buscan garantizar el acceso a servicios m\u00e9dicos de calidad para todos los habitantes de D\u00edaz Ordaz.<\/p>\n","protected":false},"excerpt":{"rendered":"<p>Por: Staff | #DiazOrdaz #Valadeces #Tamaulipas D\u00edaz Ordaz, Tamaulipas. \u2013 Con el firme compromiso de seguir trabajando por la salud y bienestar de los ciudadanos, la Alcaldesa Nataly Garc\u00eda D\u00edaz, acompa\u00f1ada de integrantes del H. Cabildo y funcionarios de la administraci\u00f3n, puso en marcha esta ma\u00f1ana la primera Brigada M\u00e9dica del 2025, beneficiando a cientos &hellip;<\/p>\n","protected":false},"author":1,"featured_media":14419,"comment_status":"open","ping_status":"open","sticky":false,"template":"","format":"standard","meta":{"footnotes":""},"categories":[39],"tags":[],"class_list":["post-14417","post","type-post","status-publish","format-standard","has-post-thumbnail","","category-tamaulipas"],"_links":{"self":[{"href":"https:\/\/www.radiointeractivo.com.mx\/index.php?rest_route=\/wp\/v2\/posts\/14417","targetHints":{"allow":["GET"]}}],"collection":[{"href":"https:\/\/www.radiointeractivo.com.mx\/index.php?rest_route=\/wp\/v2\/posts"}],"about":[{"href":"https:\/\/www.radiointeractivo.com.mx\/index.php?rest_route=\/wp\/v2\/types\/post"}],"author":[{"embeddable":true,"href":"https:\/\/www.radiointeractivo.com.mx\/index.php?rest_route=\/wp\/v2\/users\/1"}],"replies":[{"embeddable":true,"href":"https:\/\/www.radiointeractivo.com.mx\/index.php?rest_route=%2Fwp%2Fv2%2Fcomments&post=14417"}],"version-history":[{"count":1,"href":"https:\/\/www.radiointeractivo.com.mx\/index.php?rest_route=\/wp\/v2\/posts\/14417\/revisions"}],"predecessor-version":[{"id":14421,"href":"https:\/\/www.radiointeractivo.com.mx\/index.php?rest_route=\/wp\/v2\/posts\/14417\/revisions\/14421"}],"wp:featuredmedia":[{"embeddable":true,"href":"https:\/\/www.radiointeractivo.com.mx\/index.php?rest_route=\/wp\/v2\/media\/14419"}],"wp:attachment":[{"href":"https:\/\/www.radiointeractivo.com.mx\/index.php?rest_route=%2Fwp%2Fv2%2Fmedia&parent=14417"}],"wp:term":[{"taxonomy":"category","embeddable":true,"href":"https:\/\/www.radiointeractivo.com.mx\/index.php?rest_route=%2Fwp%2Fv2%2Fcategories&post=14417"},{"taxonomy":"post_tag","embeddable":true,"href":"https:\/\/www.radiointeractivo.com.mx\/index.php?rest_route=%2Fwp%2Fv2%2Ftags&post=14417"}],"curies":[{"name":"wp","href":"https:\/\/api.w.org\/{rel}","templated":true}]}}