{"id":14404,"date":"2025-02-25T20:19:28","date_gmt":"2025-02-26T02:19:28","guid":{"rendered":"https:\/\/www.radiointeractivo.com.mx\/?p=14404"},"modified":"2025-02-25T20:19:29","modified_gmt":"2025-02-26T02:19:29","slug":"prepara-tamaulipas-operativo-semana-santa-2025-benjamin-hernandez-rodriguez","status":"publish","type":"post","link":"https:\/\/www.radiointeractivo.com.mx\/?p=14404","title":{"rendered":"Prepara Tamaulipas \u201cOperativo Semana Santa 2025\u201d: Benjam\u00edn Hern\u00e1ndez Rodr\u00edguez"},"content":{"rendered":"\n<figure class=\"wp-block-image size-large\"><img loading=\"lazy\" decoding=\"async\" width=\"1024\" height=\"617\" src=\"https:\/\/www.radiointeractivo.com.mx\/wp-content\/uploads\/2025\/02\/WhatsApp-Image-2025-02-25-at-1.20.41-PM-1024x617.jpeg\" alt=\"\" class=\"wp-image-14405\" srcset=\"https:\/\/www.radiointeractivo.com.mx\/wp-content\/uploads\/2025\/02\/WhatsApp-Image-2025-02-25-at-1.20.41-PM-1024x617.jpeg 1024w, https:\/\/www.radiointeractivo.com.mx\/wp-content\/uploads\/2025\/02\/WhatsApp-Image-2025-02-25-at-1.20.41-PM-300x181.jpeg 300w, https:\/\/www.radiointeractivo.com.mx\/wp-content\/uploads\/2025\/02\/WhatsApp-Image-2025-02-25-at-1.20.41-PM-768x463.jpeg 768w, https:\/\/www.radiointeractivo.com.mx\/wp-content\/uploads\/2025\/02\/WhatsApp-Image-2025-02-25-at-1.20.41-PM.jpeg 1504w\" sizes=\"auto, (max-width: 1024px) 100vw, 1024px\" \/><\/figure>\n\n\n\n<p>-Hasta el momento se tiene contemplada la participaci\u00f3n de 2 mil 907 elementos de las fuerzas federales y estatales<\/p>\n\n\n\n<p>Por: Agencias<\/p>\n\n\n\n<p>Ciudad Victoria, Tamaulipas.- Con la participaci\u00f3n de 2 mil 907 elementos de la Secretar\u00eda de Seguridad P\u00fablica, SEDENA, SEMAR, Guardia Nacional, Protecci\u00f3n Civil, Salud, \u00c1ngeles Verdes, Cruz \u00c1mbar, Cruz Roja Mexicana, as\u00ed como el Instituto Tamaulipeco para los Migrantes, Tamaulipas prepara el \u201cOperativo Semana Santa 2025\u201d, que ser\u00e1 del 11 al 27 de abril.<\/p>\n\n\n\n<p>En esta primera reuni\u00f3n realizada en el piso 22 de la Torre Bicentenario de Ciudad Victoria, Benjam\u00edn Hern\u00e1ndez Rodr\u00edguez, secretario de Turismo en Tamaulipas refrend\u00f3 el compromiso del gobernador de Tamaulipas, Am\u00e9rico Villarreal Anaya para ofrecer a las y los visitantes, locales, nacionales e internacionales la mejor atenci\u00f3n, servicio y seguridad.<\/p>\n\n\n\n<p>El funcionario estatal destac\u00f3 que tambi\u00e9n participar\u00e1n 238 veh\u00edculos, 66 ambulancias, ocho embarcaciones, as\u00ed como 10 m\u00f3dulos de atenci\u00f3n al turista que se instalar\u00e1n en Plaza de Armas, Tampico; Oficinas de CAPTA, Playa Miramar; Playa Tesoro, Altamira; Playa Barra del Tordo, Aldama; Playa Bagdad, Matamoros; La Pesca, Soto la Marina; Parador de la Guacamaya y Gasolinera, Jaumave; Plaza Principal, G\u00f3mez Far\u00edas; Altas Cumbres, Ciudad Victoria y Playa Carbonera, San Fernando.<\/p>\n\n\n\n<p>Adem\u00e1s se cuenta con las Estaciones Seguras en las vialidades carreteras, las c\u00e1maras de videovigilancia, atenci\u00f3n telef\u00f3nica por medio de las l\u00edneas de Emergencia 911 y 089.<\/p>\n\n\n\n<p>\u201cEn Tamaulipas avanzamos en todos los rubros lo mismo certificando a los guardavidas, que a los gu\u00edas de turismo, entre otros m\u00e1s, para ofrecer lo mejor de lo mejor\u201d, se\u00f1al\u00f3.<\/p>\n\n\n\n<p>Para ello junto a las fuerzas federales y del estado, as\u00ed ,como las dependencias estatales \u201cestamos afinando las estrategias, acciones y protocolos que se podr\u00e1n en operaci\u00f3n, para que las familias disfruten en Tamaulipas este periodo vacacional\u201d, concluy\u00f3.<\/p>\n","protected":false},"excerpt":{"rendered":"<p>-Hasta el momento se tiene contemplada la participaci\u00f3n de 2 mil 907 elementos de las fuerzas federales y estatales Por: Agencias Ciudad Victoria, Tamaulipas.- Con la participaci\u00f3n de 2 mil 907 elementos de la Secretar\u00eda de Seguridad P\u00fablica, SEDENA, SEMAR, Guardia Nacional, Protecci\u00f3n Civil, Salud, \u00c1ngeles Verdes, Cruz \u00c1mbar, Cruz Roja Mexicana, as\u00ed como el &hellip;<\/p>\n","protected":false},"author":1,"featured_media":14405,"comment_status":"open","ping_status":"open","sticky":false,"template":"","format":"standard","meta":{"footnotes":""},"categories":[39],"tags":[],"class_list":["post-14404","post","type-post","status-publish","format-standard","has-post-thumbnail","","category-tamaulipas"],"_links":{"self":[{"href":"https:\/\/www.radiointeractivo.com.mx\/index.php?rest_route=\/wp\/v2\/posts\/14404","targetHints":{"allow":["GET"]}}],"collection":[{"href":"https:\/\/www.radiointeractivo.com.mx\/index.php?rest_route=\/wp\/v2\/posts"}],"about":[{"href":"https:\/\/www.radiointeractivo.com.mx\/index.php?rest_route=\/wp\/v2\/types\/post"}],"author":[{"embeddable":true,"href":"https:\/\/www.radiointeractivo.com.mx\/index.php?rest_route=\/wp\/v2\/users\/1"}],"replies":[{"embeddable":true,"href":"https:\/\/www.radiointeractivo.com.mx\/index.php?rest_route=%2Fwp%2Fv2%2Fcomments&post=14404"}],"version-history":[{"count":1,"href":"https:\/\/www.radiointeractivo.com.mx\/index.php?rest_route=\/wp\/v2\/posts\/14404\/revisions"}],"predecessor-version":[{"id":14406,"href":"https:\/\/www.radiointeractivo.com.mx\/index.php?rest_route=\/wp\/v2\/posts\/14404\/revisions\/14406"}],"wp:featuredmedia":[{"embeddable":true,"href":"https:\/\/www.radiointeractivo.com.mx\/index.php?rest_route=\/wp\/v2\/media\/14405"}],"wp:attachment":[{"href":"https:\/\/www.radiointeractivo.com.mx\/index.php?rest_route=%2Fwp%2Fv2%2Fmedia&parent=14404"}],"wp:term":[{"taxonomy":"category","embeddable":true,"href":"https:\/\/www.radiointeractivo.com.mx\/index.php?rest_route=%2Fwp%2Fv2%2Fcategories&post=14404"},{"taxonomy":"post_tag","embeddable":true,"href":"https:\/\/www.radiointeractivo.com.mx\/index.php?rest_route=%2Fwp%2Fv2%2Ftags&post=14404"}],"curies":[{"name":"wp","href":"https:\/\/api.w.org\/{rel}","templated":true}]}}