{"id":14401,"date":"2025-02-25T20:16:59","date_gmt":"2025-02-26T02:16:59","guid":{"rendered":"https:\/\/www.radiointeractivo.com.mx\/?p=14401"},"modified":"2025-02-25T20:17:00","modified_gmt":"2025-02-26T02:17:00","slug":"maria-de-villarreal-suma-a-tamaulipas-a-la-estrategia-nacional-vive-saludable-vive-feliz","status":"publish","type":"post","link":"https:\/\/www.radiointeractivo.com.mx\/?p=14401","title":{"rendered":"Mar\u00eda de Villarreal suma a Tamaulipas a la estrategia nacional \u201cVive Saludable, Vive Feliz\u201d"},"content":{"rendered":"\n<figure class=\"wp-block-image size-large\"><img loading=\"lazy\" decoding=\"async\" width=\"1024\" height=\"682\" src=\"https:\/\/www.radiointeractivo.com.mx\/wp-content\/uploads\/2025\/02\/WhatsApp-Image-2025-02-25-at-7.11.32-PM-1024x682.jpeg\" alt=\"\" class=\"wp-image-14402\" srcset=\"https:\/\/www.radiointeractivo.com.mx\/wp-content\/uploads\/2025\/02\/WhatsApp-Image-2025-02-25-at-7.11.32-PM-1024x682.jpeg 1024w, https:\/\/www.radiointeractivo.com.mx\/wp-content\/uploads\/2025\/02\/WhatsApp-Image-2025-02-25-at-7.11.32-PM-300x200.jpeg 300w, https:\/\/www.radiointeractivo.com.mx\/wp-content\/uploads\/2025\/02\/WhatsApp-Image-2025-02-25-at-7.11.32-PM-768x512.jpeg 768w, https:\/\/www.radiointeractivo.com.mx\/wp-content\/uploads\/2025\/02\/WhatsApp-Image-2025-02-25-at-7.11.32-PM-1536x1023.jpeg 1536w, https:\/\/www.radiointeractivo.com.mx\/wp-content\/uploads\/2025\/02\/WhatsApp-Image-2025-02-25-at-7.11.32-PM-310x205.jpeg 310w, https:\/\/www.radiointeractivo.com.mx\/wp-content\/uploads\/2025\/02\/WhatsApp-Image-2025-02-25-at-7.11.32-PM.jpeg 1600w\" sizes=\"auto, (max-width: 1024px) 100vw, 1024px\" \/><\/figure>\n\n\n\n<p>Por: Agencias<\/p>\n\n\n\n<p>Ciudad de M\u00e9xico.- La presidenta del Sistema DIF Tamaulipas, Mar\u00eda de Villarreal, presenci\u00f3 en la capital del pa\u00eds el lanzamiento de la estrategia nacional &#8220;Vive Saludable, Vive Feliz&#8221;, por parte de la presidenta Claudia Sheinbaum Pardo; la cual tiene como objetivo prevenir y atender los principales padecimientos de la poblaci\u00f3n escolar.<\/p>\n\n\n\n<p>\u201cGracias al trabajo en equipo entre Gobierno Federal, Sistema Nacional DIF, IMSS- Bienestar, Secretar\u00eda de Educaci\u00f3n y Secretar\u00eda de Salud, tomamos las medidas necesarias para el cuidado de la salud y prevenci\u00f3n de enfermedades de nuestras ni\u00f1as y ni\u00f1os\u201d, dijo Mar\u00eda de Villarreal.<\/p>\n\n\n\n<p>Detall\u00f3 que la estrategia incluir\u00e1 evaluaciones de agudeza visual, salud bucal, peso, talla y orientaci\u00f3n nutricional, entre otras, &#8220;para que los ni\u00f1os crezcan sanos y felices&#8221;.<\/p>\n\n\n\n<p>Es importante destacar que el Sistema DIF Tamaulipas, en conjunto con la Secretar\u00eda de Educaci\u00f3n y la Secretar\u00eda de Salud, est\u00e1 llevando a cabo el Registro Estatal de Peso y Talla en estudiantes de escuelas de nivel b\u00e1sico, lo que contribuir\u00e1 a los objetivos de la estrategia nacional.<\/p>\n\n\n\n<p>A trav\u00e9s de &#8220;Vive Saludable, Vive Feliz&#8221;, personal del Instituto Mexicano del Seguro Social, en coordinaci\u00f3n con los sistemas DIF estatales y las Secretar\u00edas de Educaci\u00f3n y Salud, visitar\u00e1 las escuelas del pa\u00eds para detectar y atender padecimientos en las y los estudiantes.<\/p>\n","protected":false},"excerpt":{"rendered":"<p>Por: Agencias Ciudad de M\u00e9xico.- La presidenta del Sistema DIF Tamaulipas, Mar\u00eda de Villarreal, presenci\u00f3 en la capital del pa\u00eds el lanzamiento de la estrategia nacional &#8220;Vive Saludable, Vive Feliz&#8221;, por parte de la presidenta Claudia Sheinbaum Pardo; la cual tiene como objetivo prevenir y atender los principales padecimientos de la poblaci\u00f3n escolar. \u201cGracias al &hellip;<\/p>\n","protected":false},"author":1,"featured_media":14402,"comment_status":"open","ping_status":"open","sticky":false,"template":"","format":"standard","meta":{"footnotes":""},"categories":[39],"tags":[],"class_list":["post-14401","post","type-post","status-publish","format-standard","has-post-thumbnail","","category-tamaulipas"],"_links":{"self":[{"href":"https:\/\/www.radiointeractivo.com.mx\/index.php?rest_route=\/wp\/v2\/posts\/14401","targetHints":{"allow":["GET"]}}],"collection":[{"href":"https:\/\/www.radiointeractivo.com.mx\/index.php?rest_route=\/wp\/v2\/posts"}],"about":[{"href":"https:\/\/www.radiointeractivo.com.mx\/index.php?rest_route=\/wp\/v2\/types\/post"}],"author":[{"embeddable":true,"href":"https:\/\/www.radiointeractivo.com.mx\/index.php?rest_route=\/wp\/v2\/users\/1"}],"replies":[{"embeddable":true,"href":"https:\/\/www.radiointeractivo.com.mx\/index.php?rest_route=%2Fwp%2Fv2%2Fcomments&post=14401"}],"version-history":[{"count":1,"href":"https:\/\/www.radiointeractivo.com.mx\/index.php?rest_route=\/wp\/v2\/posts\/14401\/revisions"}],"predecessor-version":[{"id":14403,"href":"https:\/\/www.radiointeractivo.com.mx\/index.php?rest_route=\/wp\/v2\/posts\/14401\/revisions\/14403"}],"wp:featuredmedia":[{"embeddable":true,"href":"https:\/\/www.radiointeractivo.com.mx\/index.php?rest_route=\/wp\/v2\/media\/14402"}],"wp:attachment":[{"href":"https:\/\/www.radiointeractivo.com.mx\/index.php?rest_route=%2Fwp%2Fv2%2Fmedia&parent=14401"}],"wp:term":[{"taxonomy":"category","embeddable":true,"href":"https:\/\/www.radiointeractivo.com.mx\/index.php?rest_route=%2Fwp%2Fv2%2Fcategories&post=14401"},{"taxonomy":"post_tag","embeddable":true,"href":"https:\/\/www.radiointeractivo.com.mx\/index.php?rest_route=%2Fwp%2Fv2%2Ftags&post=14401"}],"curies":[{"name":"wp","href":"https:\/\/api.w.org\/{rel}","templated":true}]}}