{"id":14394,"date":"2025-02-25T20:12:10","date_gmt":"2025-02-26T02:12:10","guid":{"rendered":"https:\/\/www.radiointeractivo.com.mx\/?p=14394"},"modified":"2025-02-25T20:12:11","modified_gmt":"2025-02-26T02:12:11","slug":"realizaran-homenaje-postumo-a-bibi-arreola-loperena-de-aviles","status":"publish","type":"post","link":"https:\/\/www.radiointeractivo.com.mx\/?p=14394","title":{"rendered":"Realizar\u00e1n homenaje p\u00f3stumo a Bibi Arreola Loperena de Avil\u00e9s"},"content":{"rendered":"\n<figure class=\"wp-block-image size-large\"><img loading=\"lazy\" decoding=\"async\" width=\"1024\" height=\"681\" src=\"https:\/\/www.radiointeractivo.com.mx\/wp-content\/uploads\/2025\/02\/WhatsApp-Image-2025-02-25-at-7.55.37-PM-1024x681.jpeg\" alt=\"\" class=\"wp-image-14395\" srcset=\"https:\/\/www.radiointeractivo.com.mx\/wp-content\/uploads\/2025\/02\/WhatsApp-Image-2025-02-25-at-7.55.37-PM-1024x681.jpeg 1024w, https:\/\/www.radiointeractivo.com.mx\/wp-content\/uploads\/2025\/02\/WhatsApp-Image-2025-02-25-at-7.55.37-PM-300x199.jpeg 300w, https:\/\/www.radiointeractivo.com.mx\/wp-content\/uploads\/2025\/02\/WhatsApp-Image-2025-02-25-at-7.55.37-PM-768x511.jpeg 768w, https:\/\/www.radiointeractivo.com.mx\/wp-content\/uploads\/2025\/02\/WhatsApp-Image-2025-02-25-at-7.55.37-PM-310x205.jpeg 310w, https:\/\/www.radiointeractivo.com.mx\/wp-content\/uploads\/2025\/02\/WhatsApp-Image-2025-02-25-at-7.55.37-PM.jpeg 1080w\" sizes=\"auto, (max-width: 1024px) 100vw, 1024px\" \/><\/figure>\n\n\n\n<p>Por: Agencias<\/p>\n\n\n\n<p>Ciudad Victoria, Tamaulipas. -La reconocida maestra y promotora cultural tamaulipeca, Bibi Arreola Loperena de Avil\u00e9s, recibir\u00e1 un merecido homenaje p\u00f3stumo el pr\u00f3ximo jueves 27 de febrero, a las 17:00 horas en el Museo Regional de Historia de Tamaulipas.<\/p>\n\n\n\n<p>Este evento ser\u00e1 en el marco del XXII aniversario del recinto, reconociendo que gracias a los esfuerzos de la homenajeada, el ex asilo Vicentino, es ahora un museo y espacio cultural invaluable para la capital tamaulipeca.<\/p>\n\n\n\n<p>&#8220;Es un reconocimiento a quien fue pieza clave para la restauraci\u00f3n del ex asilo. Siempre fue una mujer cercana al museo y hoy que celebramos el vig\u00e9simo segundo aniversario de este recinto, queremos que quede un fiel testimonio en su memoria&#8221;, coment\u00f3 H\u00e9ctor Romero- Lecanda, director del Instituto Tamaulipeco para la Cultura y las Artes.<\/p>\n\n\n\n<p>Adem\u00e1s de recordar la valiosa aportaci\u00f3n cultural de la maestra Mar\u00eda Isabel, mejor conocida como Bibi Arreola, en el evento se develar\u00e1 una placa conmemorativa dentro del auditorio del museo, pues con el respaldo del gobernador Am\u00e9rico Villarreal, el espacio ser\u00e1 renombrado como &#8220;Auditorio Mtra. Isabel Arreola Loperena de Avil\u00e9s&#8221;.<\/p>\n\n\n\n<p>&#8220;Para el Gobierno de Tamaulipas, que el auditorio del Museo Regional de Historia lleve el nombre de Bibi Arreola de Avil\u00e9s es un acto de justicia&#8221;, agreg\u00f3 el director del ITCA.<\/p>\n\n\n\n<p>La invitaci\u00f3n es abierta al p\u00fablico en general para que asistan a este evento, que cerrar\u00e1n con la conferencia &#8220;El Asilo Vicentino, una obra de caridad y cultura en Ciudad Victoria&#8221;, donde el presb\u00edtero Juan Carlos L\u00f3pez Mart\u00ednez, explorar\u00e1 la importancia hist\u00f3rica de la instituci\u00f3n.<\/p>\n\n\n\n<p>Con este evento concluye la agenda de aniversario del museo que tuvo duraci\u00f3n todo el mes de febrero.<\/p>\n","protected":false},"excerpt":{"rendered":"<p>Por: Agencias Ciudad Victoria, Tamaulipas. -La reconocida maestra y promotora cultural tamaulipeca, Bibi Arreola Loperena de Avil\u00e9s, recibir\u00e1 un merecido homenaje p\u00f3stumo el pr\u00f3ximo jueves 27 de febrero, a las 17:00 horas en el Museo Regional de Historia de Tamaulipas. Este evento ser\u00e1 en el marco del XXII aniversario del recinto, reconociendo que gracias a &hellip;<\/p>\n","protected":false},"author":1,"featured_media":14396,"comment_status":"open","ping_status":"open","sticky":false,"template":"","format":"standard","meta":{"footnotes":""},"categories":[39],"tags":[],"class_list":["post-14394","post","type-post","status-publish","format-standard","has-post-thumbnail","","category-tamaulipas"],"_links":{"self":[{"href":"https:\/\/www.radiointeractivo.com.mx\/index.php?rest_route=\/wp\/v2\/posts\/14394","targetHints":{"allow":["GET"]}}],"collection":[{"href":"https:\/\/www.radiointeractivo.com.mx\/index.php?rest_route=\/wp\/v2\/posts"}],"about":[{"href":"https:\/\/www.radiointeractivo.com.mx\/index.php?rest_route=\/wp\/v2\/types\/post"}],"author":[{"embeddable":true,"href":"https:\/\/www.radiointeractivo.com.mx\/index.php?rest_route=\/wp\/v2\/users\/1"}],"replies":[{"embeddable":true,"href":"https:\/\/www.radiointeractivo.com.mx\/index.php?rest_route=%2Fwp%2Fv2%2Fcomments&post=14394"}],"version-history":[{"count":1,"href":"https:\/\/www.radiointeractivo.com.mx\/index.php?rest_route=\/wp\/v2\/posts\/14394\/revisions"}],"predecessor-version":[{"id":14397,"href":"https:\/\/www.radiointeractivo.com.mx\/index.php?rest_route=\/wp\/v2\/posts\/14394\/revisions\/14397"}],"wp:featuredmedia":[{"embeddable":true,"href":"https:\/\/www.radiointeractivo.com.mx\/index.php?rest_route=\/wp\/v2\/media\/14396"}],"wp:attachment":[{"href":"https:\/\/www.radiointeractivo.com.mx\/index.php?rest_route=%2Fwp%2Fv2%2Fmedia&parent=14394"}],"wp:term":[{"taxonomy":"category","embeddable":true,"href":"https:\/\/www.radiointeractivo.com.mx\/index.php?rest_route=%2Fwp%2Fv2%2Fcategories&post=14394"},{"taxonomy":"post_tag","embeddable":true,"href":"https:\/\/www.radiointeractivo.com.mx\/index.php?rest_route=%2Fwp%2Fv2%2Ftags&post=14394"}],"curies":[{"name":"wp","href":"https:\/\/api.w.org\/{rel}","templated":true}]}}