{"id":14387,"date":"2025-02-25T18:48:37","date_gmt":"2025-02-26T00:48:37","guid":{"rendered":"https:\/\/www.radiointeractivo.com.mx\/?p=14387"},"modified":"2025-02-25T18:48:38","modified_gmt":"2025-02-26T00:48:38","slug":"abanderan-a-escoltas-de-sistema-dif-fomentan-valores-civicos-en-pequenos-de-preescolar","status":"publish","type":"post","link":"https:\/\/www.radiointeractivo.com.mx\/?p=14387","title":{"rendered":"ABANDERAN A ESCOLTAS DE SISTEMA DIF; FOMENTAN VALORES C\u00cdVICOS EN PEQUE\u00d1OS DE PREESCOLAR"},"content":{"rendered":"\n<figure class=\"wp-block-image size-large\"><img loading=\"lazy\" decoding=\"async\" width=\"1024\" height=\"682\" src=\"https:\/\/www.radiointeractivo.com.mx\/wp-content\/uploads\/2025\/02\/WhatsApp-Image-2025-02-25-at-2.49.34-PM-1-1024x682.jpeg\" alt=\"\" class=\"wp-image-14388\" srcset=\"https:\/\/www.radiointeractivo.com.mx\/wp-content\/uploads\/2025\/02\/WhatsApp-Image-2025-02-25-at-2.49.34-PM-1-1024x682.jpeg 1024w, https:\/\/www.radiointeractivo.com.mx\/wp-content\/uploads\/2025\/02\/WhatsApp-Image-2025-02-25-at-2.49.34-PM-1-300x200.jpeg 300w, https:\/\/www.radiointeractivo.com.mx\/wp-content\/uploads\/2025\/02\/WhatsApp-Image-2025-02-25-at-2.49.34-PM-1-768x512.jpeg 768w, https:\/\/www.radiointeractivo.com.mx\/wp-content\/uploads\/2025\/02\/WhatsApp-Image-2025-02-25-at-2.49.34-PM-1-310x205.jpeg 310w, https:\/\/www.radiointeractivo.com.mx\/wp-content\/uploads\/2025\/02\/WhatsApp-Image-2025-02-25-at-2.49.34-PM-1.jpeg 1280w\" sizes=\"auto, (max-width: 1024px) 100vw, 1024px\" \/><\/figure>\n\n\n\n<p>Por: Staff | #NuevoLaredo #Laredo #NLD #Tamaulipas<\/p>\n\n\n\n<p>En el marco de la conmemoraci\u00f3n del D\u00eda de la Bandera, estudiantes de preescolar de los ocho Centros de Asistencia Infantil Comunitaria (CAIC) del Sistema DIF fueron abanderados en una solemne ceremonia c\u00edvica.<\/p>\n\n\n\n<p>El evento, realizado en las instalaciones del 16\u00b0 Regimiento de Caballer\u00eda Motorizado de Nuevo Laredo, resalt\u00f3 la importancia de inculcar desde la infancia el respeto y orgullo por nuestros s\u00edmbolos patrios.<\/p>\n\n\n\n<p>La ceremonia estuvo encabezada por la presidenta municipal, Carmen Lilia Canturosas Villarreal; el General Brigadier D.E.M. Miguel \u00c1ngel Ram\u00edrez Canchola, Comandante de la Guarnici\u00f3n Militar de Nuevo Laredo; y el Coronel de Caballer\u00eda D.E.M. Ricardo L\u00f3pez Palafox, Comandante del 16\u00b0 Regimiento de Caballer\u00eda Motorizado.<\/p>\n\n\n\n<p>La presidenta del Sistema DIF Nuevo Laredo, Claudette Canturosas Villarreal, felicit\u00f3 a los estudiantes por su participaci\u00f3n y destac\u00f3 la importancia de fortalecer desde la infancia el aprendizaje y los valores c\u00edvicos. Asimismo, reafirm\u00f3 el compromiso del DIF con la educaci\u00f3n y el desarrollo integral de la ni\u00f1ez neolaredense.<\/p>\n\n\n\n<p>\u201cHoy dan un gran paso en su formaci\u00f3n, aprendiendo el valor del respeto, el amor por nuestra patria y el significado de nuestros s\u00edmbolos nacionales,su entusiasmo y compromiso nos llenan de orgullo, porque en cada uno de ustedes se reflejan los valores que construir\u00e1n un mejor futuro, sigamos juntos Tocando Corazones\u201d dijo<\/p>\n\n\n\n<p>Como parte del evento, se llev\u00f3 a cabo la toma de protesta de 33 escoltas pertenecientes a diversas instituciones educativas, reconociendo el esfuerzo y la dedicaci\u00f3n de las y los estudiantes en la formaci\u00f3n de valores patrios.<\/p>\n\n\n\n<p>Los centros educativos del DIF que fueron abanderados en esta ceremonia son: CECUDI, Mundo de Colores, Mi Angelito, Lomas del R\u00edo , CADI, Mi Arco\u00edris, Mi Casa DIF y San Nicol\u00e1s.<\/p>\n\n\n\n<p>Con estas acciones, el Sistema DIF Nuevo Laredo reafirma su compromiso con una educaci\u00f3n de calidad y la promoci\u00f3n de valores que contribuyen a la formaci\u00f3n de ciudadanos responsables y comprometidos con su comunidad y su pa\u00eds.<\/p>\n","protected":false},"excerpt":{"rendered":"<p>Por: Staff | #NuevoLaredo #Laredo #NLD #Tamaulipas En el marco de la conmemoraci\u00f3n del D\u00eda de la Bandera, estudiantes de preescolar de los ocho Centros de Asistencia Infantil Comunitaria (CAIC) del Sistema DIF fueron abanderados en una solemne ceremonia c\u00edvica. El evento, realizado en las instalaciones del 16\u00b0 Regimiento de Caballer\u00eda Motorizado de Nuevo Laredo, &hellip;<\/p>\n","protected":false},"author":1,"featured_media":14388,"comment_status":"open","ping_status":"open","sticky":false,"template":"","format":"standard","meta":{"footnotes":""},"categories":[38],"tags":[],"class_list":["post-14387","post","type-post","status-publish","format-standard","has-post-thumbnail","","category-nuevo-laredo"],"_links":{"self":[{"href":"https:\/\/www.radiointeractivo.com.mx\/index.php?rest_route=\/wp\/v2\/posts\/14387","targetHints":{"allow":["GET"]}}],"collection":[{"href":"https:\/\/www.radiointeractivo.com.mx\/index.php?rest_route=\/wp\/v2\/posts"}],"about":[{"href":"https:\/\/www.radiointeractivo.com.mx\/index.php?rest_route=\/wp\/v2\/types\/post"}],"author":[{"embeddable":true,"href":"https:\/\/www.radiointeractivo.com.mx\/index.php?rest_route=\/wp\/v2\/users\/1"}],"replies":[{"embeddable":true,"href":"https:\/\/www.radiointeractivo.com.mx\/index.php?rest_route=%2Fwp%2Fv2%2Fcomments&post=14387"}],"version-history":[{"count":1,"href":"https:\/\/www.radiointeractivo.com.mx\/index.php?rest_route=\/wp\/v2\/posts\/14387\/revisions"}],"predecessor-version":[{"id":14389,"href":"https:\/\/www.radiointeractivo.com.mx\/index.php?rest_route=\/wp\/v2\/posts\/14387\/revisions\/14389"}],"wp:featuredmedia":[{"embeddable":true,"href":"https:\/\/www.radiointeractivo.com.mx\/index.php?rest_route=\/wp\/v2\/media\/14388"}],"wp:attachment":[{"href":"https:\/\/www.radiointeractivo.com.mx\/index.php?rest_route=%2Fwp%2Fv2%2Fmedia&parent=14387"}],"wp:term":[{"taxonomy":"category","embeddable":true,"href":"https:\/\/www.radiointeractivo.com.mx\/index.php?rest_route=%2Fwp%2Fv2%2Fcategories&post=14387"},{"taxonomy":"post_tag","embeddable":true,"href":"https:\/\/www.radiointeractivo.com.mx\/index.php?rest_route=%2Fwp%2Fv2%2Ftags&post=14387"}],"curies":[{"name":"wp","href":"https:\/\/api.w.org\/{rel}","templated":true}]}}